{"id":7176,"date":"2019-09-23T13:56:00","date_gmt":"2019-09-23T13:56:00","guid":{"rendered":"http:\/\/www.radiopresidenteibanez.cl\/web\/?p=7176"},"modified":"2019-09-23T13:56:07","modified_gmt":"2019-09-23T13:56:07","slug":"cambio-climatico-por-ernesto-sepulveda","status":"publish","type":"post","link":"https:\/\/www.radiopresidenteibanez.cl\/web\/cambio-climatico-por-ernesto-sepulveda\/","title":{"rendered":"CAMBIO CLIM\u00c1TICO por ERNESTO SEPULVEDA"},"content":{"rendered":"\n<p>Algo distinto\nhab\u00eda en el horizonte. All\u00ed donde deb\u00eda estar el estrecho de Magallanes y en\nfrente, la isla de Tierra del Fuego, ahora se ve\u00eda una inmensa cordillera verde\nclaro, con una altura descomunal, no menos de 5 mil metros. Coronadas sus\ncumbres por blancos nevados. Hacia el pie de esas altas monta\u00f1as, se abre un\nprofundo valle, muy verde, que cubre todo el espacio de lo que antes estaba\ncubierto de agua.<\/p>\n\n\n\n<p>Donde antes\nestaba Punta Arenas, una extra\u00f1a tierra entre amarilla y rojiza. Lo que antes\nera una extensa llanura, una pampa plana e interminable, ahora se alza como\nunas tierras altas, con clima templado, un sol dorado y c\u00e1lido ilumina todo con\ntonos mate, como el sol del atardecer, pero no es m\u00e1s que el mediod\u00eda.<\/p>\n\n\n\n<p>Antes de que\nestas altas tierras aparecieran, vinieron las olas. Primero unas de un metro o\ndos, que inquietaron pero no asustaron a nadie. Muchos fueron a la costanera a\ntomar fotograf\u00edas o sacarse selfies para sus redes sociales. <\/p>\n\n\n\n<p>Luego sin mayor\naviso, se alzaron sobre la ciudad enormes columnas de agua, verdaderos\nrascacielos de agua de mar que cayeron sobre casas, calles y edificios. De\npronto la tierra estaba tal y como hab\u00eda sido hace miles de a\u00f1os. Desprovista\nde toda huella humana.<\/p>\n\n\n\n<p>El agua, as\u00ed\ncomo vino, se fue. Ahora no se divisa el mar por ning\u00fan lado.<\/p>\n\n\n\n<p>Las tierras\naltas y amarillas, ba\u00f1adas por el sol, est\u00e1n cubiertas por una multitud de\ngente, que se aglomera en una estrecha franja como meseta. Hombres, mujeres y\nni\u00f1os, se concentran en un peque\u00f1o espacio para evitar caer por las laderas,\nhacia el profundo valle, miles de metros m\u00e1s abajo.<\/p>\n\n\n\n<p>Pero esta tierra\nno est\u00e1 quieta. De pronto para el pavor de la multitud, las tierras contin\u00faan\nelev\u00e1ndose, alej\u00e1ndose a una velocidad descabellada del profundo valle. La\ngente empieza a caer por las laderas. De pronto alguien grita \u00a1Formen una\ncadena\u00a1 de a uno al comienzo, y despu\u00e9s todos, con desesperaci\u00f3n, unen sus\nmanos, en una cadena sin fin, que impide que la gente siga cayendo al abismo.<\/p>\n\n\n\n<p>De pronto, todo\nse tranquiliza, y permite a las personas empezar a recorrer, esas extra\u00f1as y\nc\u00e1lidas tierras, esos colores, ese pasto tan verde.<\/p>\n\n\n\n<p>&nbsp;De pronto se ven subiendo por una colina unos\ndromedarios. \u00bfQu\u00e9 hacen ac\u00e1 unos camellos? Enormes y solemnes, con una piel\ncaf\u00e9 claro, y un andar parsimonioso, no se dan cuenta que caminan por otros\nparajes hasta que se encuentran con el pasto. La suave pradera los\ndesconcierta, pero retozan en ella como cachorros.<\/p>\n\n\n\n<p>Caminando y\ncaminando, de pronto se aprecia una estructura de piedra. Un raro edificio,\narcos de piedra que se elevan varios pisos, en su interior es como volver muy\nlejos en el tiempo. <\/p>\n\n\n\n<p>Ecos de las\nglorias de Roma y Grecia, colores y texturas entre la Edad Media y el\nRenacimiento.<\/p>\n\n\n\n<p>&nbsp;Grandes salones iluminados por el sol, desde\naltos tragaluces en el techo. <\/p>\n\n\n\n<p>En un sal\u00f3n una\nni\u00f1a lee un papiro, mientras su madre borda sobre un fino tapiz. Ambas visten\nholgadas t\u00fanicas de lino, con color azul y granate, que contrastan con el tenue\ncolor canela de la piel de las mujeres.<\/p>\n\n\n\n<p>En otro sal\u00f3n,\nun grupo de j\u00f3venes, practican el arpa y el la\u00fad junto a un centenario maestro.<\/p>\n\n\n\n<p>Ernesto Sep\u00falveda Tornero<\/p>\n","protected":false},"excerpt":{"rendered":"<p>Algo distinto hab\u00eda en el horizonte. All\u00ed donde deb\u00eda estar el estrecho de Magallanes y en frente, la isla de Tierra del Fuego, ahora se ve\u00eda una inmensa cordillera verde&#8230; <a class=\"read-more\" href=\"https:\/\/www.radiopresidenteibanez.cl\/web\/cambio-climatico-por-ernesto-sepulveda\/\">Leer m\u00e1s<\/a><\/p>\n","protected":false},"author":2,"featured_media":2310,"comment_status":"closed","ping_status":"closed","sticky":false,"template":"","format":"standard","meta":{"footnotes":""},"categories":[1],"tags":[],"class_list":["post-7176","post","type-post","status-publish","format-standard","has-post-thumbnail","hentry","category-cronica"],"_links":{"self":[{"href":"https:\/\/www.radiopresidenteibanez.cl\/web\/wp-json\/wp\/v2\/posts\/7176","targetHints":{"allow":["GET"]}}],"collection":[{"href":"https:\/\/www.radiopresidenteibanez.cl\/web\/wp-json\/wp\/v2\/posts"}],"about":[{"href":"https:\/\/www.radiopresidenteibanez.cl\/web\/wp-json\/wp\/v2\/types\/post"}],"author":[{"embeddable":true,"href":"https:\/\/www.radiopresidenteibanez.cl\/web\/wp-json\/wp\/v2\/users\/2"}],"replies":[{"embeddable":true,"href":"https:\/\/www.radiopresidenteibanez.cl\/web\/wp-json\/wp\/v2\/comments?post=7176"}],"version-history":[{"count":0,"href":"https:\/\/www.radiopresidenteibanez.cl\/web\/wp-json\/wp\/v2\/posts\/7176\/revisions"}],"wp:featuredmedia":[{"embeddable":true,"href":"https:\/\/www.radiopresidenteibanez.cl\/web\/wp-json\/wp\/v2\/media\/2310"}],"wp:attachment":[{"href":"https:\/\/www.radiopresidenteibanez.cl\/web\/wp-json\/wp\/v2\/media?parent=7176"}],"wp:term":[{"taxonomy":"category","embeddable":true,"href":"https:\/\/www.radiopresidenteibanez.cl\/web\/wp-json\/wp\/v2\/categories?post=7176"},{"taxonomy":"post_tag","embeddable":true,"href":"https:\/\/www.radiopresidenteibanez.cl\/web\/wp-json\/wp\/v2\/tags?post=7176"}],"curies":[{"name":"wp","href":"https:\/\/api.w.org\/{rel}","templated":true}]}}