{"id":7168,"date":"2019-09-22T00:18:14","date_gmt":"2019-09-22T00:18:14","guid":{"rendered":"http:\/\/www.radiopresidenteibanez.cl\/web\/?p=7168"},"modified":"2019-09-22T00:18:19","modified_gmt":"2019-09-22T00:18:19","slug":"archi-magallanes-realizo-cadena-radial-desde-puerto-natales-en-conmemoracion-al-dia-del-trabajador-radial","status":"publish","type":"post","link":"https:\/\/www.radiopresidenteibanez.cl\/web\/archi-magallanes-realizo-cadena-radial-desde-puerto-natales-en-conmemoracion-al-dia-del-trabajador-radial\/","title":{"rendered":"ARCHI MAGALLANES REALIZ\u00d3 CADENA RADIAL DESDE PUERTO NATALES EN CONMEMORACI\u00d3N AL D\u00cdA DEL TRABAJADOR RADIAL"},"content":{"rendered":"\n<p>Durante la administraci\u00f3n del presidente\nJuan Antonio R\u00edos Morales se instituy\u00f3 en Chile que, a contar del 21 de\nseptiembre de 1942, ese d\u00eda ser\u00eda conmemorado como \u00abEl D\u00eda de la\nRadio\u00bb, fecha en que todas las emisoras de la Rep\u00fablica silenciar\u00edan sus\ntransmisiones por 24 horas.<\/p>\n\n\n\n<p>El d\u00eda de descanso para los\ntrabajadores radiales se introdujo, considerando que ellos laboraban en forma\nininterrumpida los 365 d\u00edas del a\u00f1o, incluyendo fiestas emblem\u00e1ticas como:\nSemana Santa, D\u00eda Internacional del Trabajo, D\u00eda de las Glorias Navales,\nIndependencia de Chile, D\u00eda de las Glorias del Ej\u00e9rcito, D\u00eda de Todos los\nSantos, Navidad, A\u00f1o Nuevo, entre otras.<\/p>\n\n\n\n<p>Despu\u00e9s de casi medio siglo,\ndurante el gobierno del Presidente Patricio Aylwin Az\u00f3car, se declar\u00f3 por\nDecreto Supremo de 1991, el 21 de septiembre como el \u00abD\u00eda Nacional del\nTrabajador de la Radiodifusi\u00f3n Sonora\u00bb.<\/p>\n\n\n\n<p>Este a\u00f1o la Asociaci\u00f3n de Radiodifusoras\nde Chile (ARCHI) realiz\u00f3 al igual que en el a\u00f1o 2018 una cadena radial voluntarias,\ncon las radios que se encuentran ligadas a la asociaci\u00f3n, est\u00e1 oportunidad fue\ndesde Puerto Natales, en donde participaron radios de Punta Arenas; Radio\nPresidente Ib\u00e1\u00f1ez, Radio Polar, Radio Soberan\u00eda, Radio Fuegina FM, entre otras,\nas\u00ed tambi\u00e9n de Porvenir, Radio Tierra del Fuego 1500 AM, Puerto Williams, Radio\nNavarino y Puerto Natales, Fara\u00f3nica, Evavisi\u00f3n, radio Natales, entre otras.<\/p>\n\n\n\n<p>Cabe mencionar que en la\nactualidad ARCHI Magallanes, esta siendo presidida por Iv\u00e1n Lara, quien con\ngran entusiasmo llev\u00f3 adelante esta gran actividad donde varias decenas de\ncolegas que distintos medios de comunicaciones se re\u00fanen no tan solo en una jornada\nde trabajo sino tambi\u00e9n para compartir, Radio Presidente Ib\u00e1\u00f1ez agradece a Iv\u00e1n\nLara por dicha invitaci\u00f3n.<\/p>\n\n\n\n<p style=\"text-align:center\"><strong>FELIZ D\u00cdA A TODAS Y TODOS QUIENES HACEN RADIO\u2026 HOY, MA\u00d1ANA Y SIEMPRE<\/strong><\/p>\n\n\n\n<ul class=\"wp-block-gallery columns-2 is-cropped wp-block-gallery-1 is-layout-flex wp-block-gallery-is-layout-flex\"><li class=\"blocks-gallery-item\"><figure><img loading=\"lazy\" decoding=\"async\" width=\"1024\" height=\"768\" src=\"https:\/\/www.radiopresidenteibanez.cl\/web\/wp-content\/uploads\/2019\/09\/IMG-20190921-WA0022-1024x768.jpg\" alt=\"\" data-id=\"7169\" data-link=\"https:\/\/www.radiopresidenteibanez.cl\/web\/?attachment_id=7169\" class=\"wp-image-7169\" srcset=\"https:\/\/www.radiopresidenteibanez.cl\/web\/wp-content\/uploads\/2019\/09\/IMG-20190921-WA0022-1024x768.jpg 1024w, https:\/\/www.radiopresidenteibanez.cl\/web\/wp-content\/uploads\/2019\/09\/IMG-20190921-WA0022-300x225.jpg 300w, https:\/\/www.radiopresidenteibanez.cl\/web\/wp-content\/uploads\/2019\/09\/IMG-20190921-WA0022-768x576.jpg 768w, https:\/\/www.radiopresidenteibanez.cl\/web\/wp-content\/uploads\/2019\/09\/IMG-20190921-WA0022.jpg 1032w\" sizes=\"auto, (max-width: 1024px) 100vw, 1024px\" \/><\/figure><\/li><li class=\"blocks-gallery-item\"><figure><img loading=\"lazy\" decoding=\"async\" width=\"1024\" height=\"576\" src=\"https:\/\/www.radiopresidenteibanez.cl\/web\/wp-content\/uploads\/2019\/09\/IMG-20190921-WA0029-1024x576.jpg\" alt=\"\" data-id=\"7170\" data-link=\"https:\/\/www.radiopresidenteibanez.cl\/web\/?attachment_id=7170\" class=\"wp-image-7170\" srcset=\"https:\/\/www.radiopresidenteibanez.cl\/web\/wp-content\/uploads\/2019\/09\/IMG-20190921-WA0029-1024x576.jpg 1024w, https:\/\/www.radiopresidenteibanez.cl\/web\/wp-content\/uploads\/2019\/09\/IMG-20190921-WA0029-300x169.jpg 300w, https:\/\/www.radiopresidenteibanez.cl\/web\/wp-content\/uploads\/2019\/09\/IMG-20190921-WA0029-768x432.jpg 768w, https:\/\/www.radiopresidenteibanez.cl\/web\/wp-content\/uploads\/2019\/09\/IMG-20190921-WA0029.jpg 1280w\" sizes=\"auto, (max-width: 1024px) 100vw, 1024px\" \/><\/figure><\/li><\/ul>\n","protected":false},"excerpt":{"rendered":"<p>Durante la administraci\u00f3n del presidente Juan Antonio R\u00edos Morales se instituy\u00f3 en Chile que, a contar del 21 de septiembre de 1942, ese d\u00eda ser\u00eda conmemorado como \u00abEl D\u00eda de&#8230; <a class=\"read-more\" href=\"https:\/\/www.radiopresidenteibanez.cl\/web\/archi-magallanes-realizo-cadena-radial-desde-puerto-natales-en-conmemoracion-al-dia-del-trabajador-radial\/\">Leer m\u00e1s<\/a><\/p>\n","protected":false},"author":2,"featured_media":7172,"comment_status":"closed","ping_status":"closed","sticky":false,"template":"","format":"standard","meta":{"footnotes":""},"categories":[1],"tags":[],"class_list":["post-7168","post","type-post","status-publish","format-standard","has-post-thumbnail","hentry","category-cronica"],"_links":{"self":[{"href":"https:\/\/www.radiopresidenteibanez.cl\/web\/wp-json\/wp\/v2\/posts\/7168","targetHints":{"allow":["GET"]}}],"collection":[{"href":"https:\/\/www.radiopresidenteibanez.cl\/web\/wp-json\/wp\/v2\/posts"}],"about":[{"href":"https:\/\/www.radiopresidenteibanez.cl\/web\/wp-json\/wp\/v2\/types\/post"}],"author":[{"embeddable":true,"href":"https:\/\/www.radiopresidenteibanez.cl\/web\/wp-json\/wp\/v2\/users\/2"}],"replies":[{"embeddable":true,"href":"https:\/\/www.radiopresidenteibanez.cl\/web\/wp-json\/wp\/v2\/comments?post=7168"}],"version-history":[{"count":0,"href":"https:\/\/www.radiopresidenteibanez.cl\/web\/wp-json\/wp\/v2\/posts\/7168\/revisions"}],"wp:featuredmedia":[{"embeddable":true,"href":"https:\/\/www.radiopresidenteibanez.cl\/web\/wp-json\/wp\/v2\/media\/7172"}],"wp:attachment":[{"href":"https:\/\/www.radiopresidenteibanez.cl\/web\/wp-json\/wp\/v2\/media?parent=7168"}],"wp:term":[{"taxonomy":"category","embeddable":true,"href":"https:\/\/www.radiopresidenteibanez.cl\/web\/wp-json\/wp\/v2\/categories?post=7168"},{"taxonomy":"post_tag","embeddable":true,"href":"https:\/\/www.radiopresidenteibanez.cl\/web\/wp-json\/wp\/v2\/tags?post=7168"}],"curies":[{"name":"wp","href":"https:\/\/api.w.org\/{rel}","templated":true}]}}