{"id":7165,"date":"2019-09-21T23:39:35","date_gmt":"2019-09-21T23:39:35","guid":{"rendered":"http:\/\/www.radiopresidenteibanez.cl\/web\/?p=7165"},"modified":"2019-09-21T23:39:41","modified_gmt":"2019-09-21T23:39:41","slug":"iva-brigada-aerea-participo-en-la-conmemoracion-de-un-nuevo-aniversario-patrio","status":"publish","type":"post","link":"https:\/\/www.radiopresidenteibanez.cl\/web\/iva-brigada-aerea-participo-en-la-conmemoracion-de-un-nuevo-aniversario-patrio\/","title":{"rendered":"IVA BRIGADA A\u00c9REA PARTICIP\u00d3 EN LA CONMEMORACI\u00d3N DE UN NUEVO ANIVERSARIO PATRIO"},"content":{"rendered":"\n<p>La\nIV<sup>a<\/sup> Brigada A\u00e9rea, encabezada por el Comandante en Jefe de la Unidad,\nGeneral de Brigada (A) Eduardo Mosqueira Cruz, particip\u00f3 en las actividades\noficiales desarrolladas en Punta Arenas con motivo de la conmemoraci\u00f3n de un\nnuevo aniversario patrio.<\/p>\n\n\n\n<p>Durante\nla ma\u00f1ana, el General Mosqueira junto a una delegaci\u00f3n conformada por Oficiales\ny Personal del Cuadro Permanente de la Unidad entregaron un saludo protocolar\nal intendente de la regi\u00f3n Magallanes y Ant\u00e1rtica Chilena, Jos\u00e9 Fern\u00e1ndez\nD\u00fcbrock, en dependencias de la casa de Gobierno Regional.<\/p>\n\n\n\n<p>Posteriormente,\nse trasladaron hasta la Catedral de Punta Arenas para participar en el\ntradicional Te Deum Ecum\u00e9nico, oficiado por el Obispo de Magallanes, Monse\u00f1or\nBernardo Bastres. <\/p>\n\n\n\n<p>Tras\nla liturgia de acci\u00f3n de gracias se dio inicio a la Parada Militar 2019, en la\nPlaza de Armas de Punta Arenas, donde la IV<sup>a<\/sup> Brigada A\u00e9rea se hizo\npresente con una secci\u00f3n de formaci\u00f3n, que hizo su paso frente a las\nautoridades y p\u00fablico asistente, y desfile a\u00e9reo de dos aeronaves DHC-6 Twin\nOtter, un helic\u00f3ptero Bell 412 y una aeronave F-5.<\/p>\n\n\n\n<p>En\nel marco de esta ceremonia c\u00edvico-militar, el soldado conscripto de la IV<sup>a<\/sup>\nBrigada A\u00e9rea, Alejandro Rojas Recabarren, recibi\u00f3 la condecoraci\u00f3n \u201c18 de\nSeptiembre\u201d, impuesta por el Comandante en Jefe de la Unidad en virtud de su\nm\u00e9rito militar.<\/p>\n\n\n\n<p>En\ntanto, el conjunto folcl\u00f3rico institucional \u201cArrieros del Viento\u201d tambi\u00e9n se\nsum\u00f3 a estos festejos patrios, a trav\u00e9s de una presentaci\u00f3n del baile nacional junto\na otras agrupaciones.<\/p>\n","protected":false},"excerpt":{"rendered":"<p>La IVa Brigada A\u00e9rea, encabezada por el Comandante en Jefe de la Unidad, General de Brigada (A) Eduardo Mosqueira Cruz, particip\u00f3 en las actividades oficiales desarrolladas en Punta Arenas con&#8230; <a class=\"read-more\" href=\"https:\/\/www.radiopresidenteibanez.cl\/web\/iva-brigada-aerea-participo-en-la-conmemoracion-de-un-nuevo-aniversario-patrio\/\">Leer m\u00e1s<\/a><\/p>\n","protected":false},"author":2,"featured_media":7166,"comment_status":"closed","ping_status":"closed","sticky":false,"template":"","format":"standard","meta":{"footnotes":""},"categories":[1],"tags":[],"class_list":["post-7165","post","type-post","status-publish","format-standard","has-post-thumbnail","hentry","category-cronica"],"_links":{"self":[{"href":"https:\/\/www.radiopresidenteibanez.cl\/web\/wp-json\/wp\/v2\/posts\/7165","targetHints":{"allow":["GET"]}}],"collection":[{"href":"https:\/\/www.radiopresidenteibanez.cl\/web\/wp-json\/wp\/v2\/posts"}],"about":[{"href":"https:\/\/www.radiopresidenteibanez.cl\/web\/wp-json\/wp\/v2\/types\/post"}],"author":[{"embeddable":true,"href":"https:\/\/www.radiopresidenteibanez.cl\/web\/wp-json\/wp\/v2\/users\/2"}],"replies":[{"embeddable":true,"href":"https:\/\/www.radiopresidenteibanez.cl\/web\/wp-json\/wp\/v2\/comments?post=7165"}],"version-history":[{"count":0,"href":"https:\/\/www.radiopresidenteibanez.cl\/web\/wp-json\/wp\/v2\/posts\/7165\/revisions"}],"wp:featuredmedia":[{"embeddable":true,"href":"https:\/\/www.radiopresidenteibanez.cl\/web\/wp-json\/wp\/v2\/media\/7166"}],"wp:attachment":[{"href":"https:\/\/www.radiopresidenteibanez.cl\/web\/wp-json\/wp\/v2\/media?parent=7165"}],"wp:term":[{"taxonomy":"category","embeddable":true,"href":"https:\/\/www.radiopresidenteibanez.cl\/web\/wp-json\/wp\/v2\/categories?post=7165"},{"taxonomy":"post_tag","embeddable":true,"href":"https:\/\/www.radiopresidenteibanez.cl\/web\/wp-json\/wp\/v2\/tags?post=7165"}],"curies":[{"name":"wp","href":"https:\/\/api.w.org\/{rel}","templated":true}]}}