{"id":7140,"date":"2019-09-17T02:04:27","date_gmt":"2019-09-17T02:04:27","guid":{"rendered":"http:\/\/www.radiopresidenteibanez.cl\/web\/?p=7140"},"modified":"2019-09-17T02:04:32","modified_gmt":"2019-09-17T02:04:32","slug":"municipalidad-de-natales-recibe-apoyo-del-ejercito-mediante-jornadas-de-ayuda-en-puerto-eden","status":"publish","type":"post","link":"https:\/\/www.radiopresidenteibanez.cl\/web\/municipalidad-de-natales-recibe-apoyo-del-ejercito-mediante-jornadas-de-ayuda-en-puerto-eden\/","title":{"rendered":"MUNICIPALIDAD DE NATALES RECIBE APOYO DEL EJ\u00c9RCITO MEDIANTE JORNADAS DE AYUDA EN PUERTO ED\u00c9N"},"content":{"rendered":"\n<p>Hasta la Alcald\u00eda de Natales, lleg\u00f3 el mayor del Destacamento Acorazado\nN\u00b05 \u201cLanceros\u201d para presentar al municipio el balance de los trabajos\nrealizados en la aislada localidad de Puerto Ed\u00e9n, ubicada al norte de la\nregi\u00f3n de Magallanes, entre ellas a destacar, la realizaci\u00f3n de mantenimientos\na la escuela rural y diversos hogares de la apartada localidad, atenci\u00f3n dental\ny veterinaria.<\/p>\n\n\n\n<p>Para la m\u00e1xima autoridad municipal, la gran extensi\u00f3n de la comuna hace\nnecesaria la acci\u00f3n conjunta con el Destacamento Acorazado N\u00b05 \u201cLanceros\u201d,\npermitiendo ayudar a un lugar tan apartado como Puerto Ed\u00e9n. \u201cCuando uno\nempieza a ver y a dimensionar la gran acci\u00f3n que han hecho ellos en Puerto\nEd\u00e9n, como alcalde y representando a los habitantes principalmente de Puerto\nEd\u00e9n, pero tambi\u00e9n de la comuna, yo quisiera valorar y agradecer este tremendo\ngesto porque claramente en una localidad como Puerto Ed\u00e9n que tiene un\ncomponente geopol\u00edtico muy importante, hoy d\u00eda con lo que cuesta llegar a all\u00e1,\nel Ej\u00e9rcito ha marcado una presencia de apoyo a los habitantes de Puerto Ed\u00e9n\u201d.<\/p>\n\n\n\n<p>Finalmente, el edil destac\u00f3 que esto marca la visi\u00f3n social que tiene el\nEj\u00e9rcito, \u201caqu\u00ed cuando hablamos que este desarrollo en la comuna lo hacemos\ntodos, como alcalde valoro ese aspecto porque aqu\u00ed, precisamente, uno puede\ndemostrar con hechos muy concretos de que este desarrollo lo hacemos todos\u201d,\nindic\u00f3 Fernando Paredes.&nbsp; &nbsp;<\/p>\n\n\n\n<p>Desde el Destacamento, el mayor Luis C\u00e1rcamo, subray\u00f3 que este viaje se\nenmarca dentro de las actividades c\u00edvicas que realiza constantemente el\nregimiento. \u201cFuimos a Puerto Ed\u00e9n a realizar actividades b\u00e1sicas,\nprincipalmente infraestructura en el colegio, de fumigaci\u00f3n por la parte\nsanitaria y a la vez dentista, donde pudimos cooperar a la comunidad tan\nalejada de Puerto Ed\u00e9n\u201d.<\/p>\n\n\n\n<p>Adem\u00e1s, el mayor recalc\u00f3 que el Ej\u00e9rcito de Chile es parte de la\ncomunidad, es por esto que debe llegar a todos los rincones del pa\u00eds. Cumpliendo\ncon todas las necesidades y requerimientos que les solicitaron los vecinos del\nnorte de la comuna.<\/p>\n\n\n\n<p>Este operativo se enmarca en la quinta versi\u00f3n del \u201cPlan Septiembre\nAmigo\u201d, el cual es ejecutado en todo el pa\u00eds y&nbsp;\ndesarrollado por cada una de las brigadas y destacamentos que hay en las\nciudades de Chile. <\/p>\n","protected":false},"excerpt":{"rendered":"<p>Hasta la Alcald\u00eda de Natales, lleg\u00f3 el mayor del Destacamento Acorazado N\u00b05 \u201cLanceros\u201d para presentar al municipio el balance de los trabajos realizados en la aislada localidad de Puerto Ed\u00e9n,&#8230; <a class=\"read-more\" href=\"https:\/\/www.radiopresidenteibanez.cl\/web\/municipalidad-de-natales-recibe-apoyo-del-ejercito-mediante-jornadas-de-ayuda-en-puerto-eden\/\">Leer m\u00e1s<\/a><\/p>\n","protected":false},"author":2,"featured_media":7141,"comment_status":"closed","ping_status":"closed","sticky":false,"template":"","format":"standard","meta":{"footnotes":""},"categories":[1],"tags":[],"class_list":["post-7140","post","type-post","status-publish","format-standard","has-post-thumbnail","hentry","category-cronica"],"_links":{"self":[{"href":"https:\/\/www.radiopresidenteibanez.cl\/web\/wp-json\/wp\/v2\/posts\/7140","targetHints":{"allow":["GET"]}}],"collection":[{"href":"https:\/\/www.radiopresidenteibanez.cl\/web\/wp-json\/wp\/v2\/posts"}],"about":[{"href":"https:\/\/www.radiopresidenteibanez.cl\/web\/wp-json\/wp\/v2\/types\/post"}],"author":[{"embeddable":true,"href":"https:\/\/www.radiopresidenteibanez.cl\/web\/wp-json\/wp\/v2\/users\/2"}],"replies":[{"embeddable":true,"href":"https:\/\/www.radiopresidenteibanez.cl\/web\/wp-json\/wp\/v2\/comments?post=7140"}],"version-history":[{"count":0,"href":"https:\/\/www.radiopresidenteibanez.cl\/web\/wp-json\/wp\/v2\/posts\/7140\/revisions"}],"wp:featuredmedia":[{"embeddable":true,"href":"https:\/\/www.radiopresidenteibanez.cl\/web\/wp-json\/wp\/v2\/media\/7141"}],"wp:attachment":[{"href":"https:\/\/www.radiopresidenteibanez.cl\/web\/wp-json\/wp\/v2\/media?parent=7140"}],"wp:term":[{"taxonomy":"category","embeddable":true,"href":"https:\/\/www.radiopresidenteibanez.cl\/web\/wp-json\/wp\/v2\/categories?post=7140"},{"taxonomy":"post_tag","embeddable":true,"href":"https:\/\/www.radiopresidenteibanez.cl\/web\/wp-json\/wp\/v2\/tags?post=7140"}],"curies":[{"name":"wp","href":"https:\/\/api.w.org\/{rel}","templated":true}]}}