{"id":7137,"date":"2019-09-17T02:02:12","date_gmt":"2019-09-17T02:02:12","guid":{"rendered":"http:\/\/www.radiopresidenteibanez.cl\/web\/?p=7137"},"modified":"2019-09-17T02:02:17","modified_gmt":"2019-09-17T02:02:17","slug":"en-puerto-natales-150-personas-aprenden-sobre-nuestro-baile-nacional","status":"publish","type":"post","link":"https:\/\/www.radiopresidenteibanez.cl\/web\/en-puerto-natales-150-personas-aprenden-sobre-nuestro-baile-nacional\/","title":{"rendered":"EN PUERTO NATALES 150 PERSONAS APRENDEN SOBRE NUESTRO BAILE NACIONAL"},"content":{"rendered":"\n<p>Con gran \u00e9xito culmin\u00f3 el taller\nde cueca municipal organizado por la Corporaci\u00f3n Municipal de Cultura de\nNatales en el marco del programa del Mes de la Chilenidad donde cerca de 150\npersonas tuvieron la posibilidad de aprender sobre nuestro baile nacional\ndirigido por la experimentada pareja de cueca Laura Rivera y Rolando Rogel.<\/p>\n\n\n\n<p>La iniciativa cumple su octavo\na\u00f1o consecutivo realizando este tipo de actividad que permite a\u00f1o a a\u00f1o durante\nel mes de agosto, ofrecer un curso gratuito para las personas ya sean ni\u00f1os,\nadultos y adultos mayores. El cierre cont\u00f3 con la presencia del alcalde de la\ncomuna Fernando Paredes Mansilla, los concejales Veronica P\u00e9rez, Alfredo\nAlderete y Jos\u00e9 Cuyul y la gobernadora Ana Mayorga.<\/p>\n\n\n\n<p>El edil natalino record\u00f3 que\ncuando se inici\u00f3 este taller se realizaba en un sal\u00f3n m\u00e1s peque\u00f1os, donde cada\na\u00f1o la demanda fue creciendo, llegando a realizar por segunda vez el taller en\nel gimnasio del liceo Gabriela Mistral, \u201cLas personas sienten que ya est\u00e1n\npreparados para celebrar nuestras fiestas patrias en familias y en comunidad y\nese es el gran esp\u00edritu de nuestra Municipalidad y la Corporaci\u00f3n de Cultura\nque trabajamos finalmente para realizar y generar estos talleres gratuitos. Qu\u00e9\nbueno cuando la gente aprovecha estos espacios y en eso simplemente quiero\nagradecer el compromiso y la entrega de estar participando de estos talleres\u201d.<\/p>\n\n\n\n<p>La m\u00e1xima autoridad provincial\nAna Mayorga felicit\u00f3 a los participantes y agradeci\u00f3 la invitaci\u00f3n al municipio\nlo que permiti\u00f3 conocer la iniciativa y la participaci\u00f3n de la comunidad,\n\u201cQuiero destacar la gran convocatoria y participaci\u00f3n que ha tenido la\ncomunidad, \u00e9sta es una fecha muy importante donde debemos aprovechar de\ncelebrar y disfrutar en familia, pero tambi\u00e9n estoy ac\u00e1 para promover la\ncampa\u00f1a de un 18 seguro que el gobierno est\u00e1 impulsando para que la comunidad\nconsuma con responsabilidad\u201d.<\/p>\n\n\n\n<p>El taller se realiz\u00f3 de manera\nintensiva durante 4 semanas los d\u00edas martes y jueves en el gimnasio del liceo\nGabriela Mistral alcanzando un record de asistencia superior a las 150\npersonas. Este pr\u00f3ximo 17 de septiembre cuando se inaugure la Fiesta de la\nChilenidad en Puerto Natales, los participantes tendr\u00e1n su presentaci\u00f3n oficial\npara mostrar lo aprendido en este taller de Cueca Municipal.<\/p>\n","protected":false},"excerpt":{"rendered":"<p>Con gran \u00e9xito culmin\u00f3 el taller de cueca municipal organizado por la Corporaci\u00f3n Municipal de Cultura de Natales en el marco del programa del Mes de la Chilenidad donde cerca&#8230; <a class=\"read-more\" href=\"https:\/\/www.radiopresidenteibanez.cl\/web\/en-puerto-natales-150-personas-aprenden-sobre-nuestro-baile-nacional\/\">Leer m\u00e1s<\/a><\/p>\n","protected":false},"author":2,"featured_media":7138,"comment_status":"closed","ping_status":"closed","sticky":false,"template":"","format":"standard","meta":{"footnotes":""},"categories":[1],"tags":[],"class_list":["post-7137","post","type-post","status-publish","format-standard","has-post-thumbnail","hentry","category-cronica"],"_links":{"self":[{"href":"https:\/\/www.radiopresidenteibanez.cl\/web\/wp-json\/wp\/v2\/posts\/7137","targetHints":{"allow":["GET"]}}],"collection":[{"href":"https:\/\/www.radiopresidenteibanez.cl\/web\/wp-json\/wp\/v2\/posts"}],"about":[{"href":"https:\/\/www.radiopresidenteibanez.cl\/web\/wp-json\/wp\/v2\/types\/post"}],"author":[{"embeddable":true,"href":"https:\/\/www.radiopresidenteibanez.cl\/web\/wp-json\/wp\/v2\/users\/2"}],"replies":[{"embeddable":true,"href":"https:\/\/www.radiopresidenteibanez.cl\/web\/wp-json\/wp\/v2\/comments?post=7137"}],"version-history":[{"count":0,"href":"https:\/\/www.radiopresidenteibanez.cl\/web\/wp-json\/wp\/v2\/posts\/7137\/revisions"}],"wp:featuredmedia":[{"embeddable":true,"href":"https:\/\/www.radiopresidenteibanez.cl\/web\/wp-json\/wp\/v2\/media\/7138"}],"wp:attachment":[{"href":"https:\/\/www.radiopresidenteibanez.cl\/web\/wp-json\/wp\/v2\/media?parent=7137"}],"wp:term":[{"taxonomy":"category","embeddable":true,"href":"https:\/\/www.radiopresidenteibanez.cl\/web\/wp-json\/wp\/v2\/categories?post=7137"},{"taxonomy":"post_tag","embeddable":true,"href":"https:\/\/www.radiopresidenteibanez.cl\/web\/wp-json\/wp\/v2\/tags?post=7137"}],"curies":[{"name":"wp","href":"https:\/\/api.w.org\/{rel}","templated":true}]}}