{"id":7131,"date":"2019-09-17T01:57:33","date_gmt":"2019-09-17T01:57:33","guid":{"rendered":"http:\/\/www.radiopresidenteibanez.cl\/web\/?p=7131"},"modified":"2019-09-17T01:57:38","modified_gmt":"2019-09-17T01:57:38","slug":"en-el-marco-de-la-campana-18-seguro-autoridad-laboral-difunde-medidas-de-seguridad-para-trabajadores-en-fiestas-patrias","status":"publish","type":"post","link":"https:\/\/www.radiopresidenteibanez.cl\/web\/en-el-marco-de-la-campana-18-seguro-autoridad-laboral-difunde-medidas-de-seguridad-para-trabajadores-en-fiestas-patrias\/","title":{"rendered":"EN EL MARCO DE LA CAMPA\u00d1A \u201c18 SEGURO\u201d AUTORIDAD LABORAL DIFUNDE MEDIDAS DE SEGURIDAD PARA TRABAJADORES EN FIESTAS PATRIAS"},"content":{"rendered":"\n<p>Junto a los\ntrabajadores de restaurante \u201cEl Chile\u201d de Punta Arenas, la Seremi del Trabajo y\nPrevisi\u00f3n Social, Victoria Cort\u00e9s, y el director regional del Instituto de\nSeguridad Laboral (ISL), Marcelo Trivi\u00f1o, entregaron una serie de\nrecomendaciones para quienes laboran durante Fiestas Patrias, en el marco del\nprograma de prevenci\u00f3n de riesgos laborales conocido como \u201c18 Seguro\u201d.<\/p>\n\n\n\n<p>La autoridad explic\u00f3\nque quienes trabajan durante estas festividades, al igual que todos los\ntrabajadores y trabajadoras de la regi\u00f3n, tienen derecho a las coberturas de la\nLey 16.744 que los protege en caso de sufrir un accidente laboral, beneficios\nque tambi\u00e9n se extienden a quienes emiten boletas de honorarios que, a trav\u00e9s\nde la Ley 21.133, este a\u00f1o ingresaron al sistema de protecci\u00f3n social.<\/p>\n\n\n\n<p>En palabras de la\nSeremi, \u201ces importante que una fecha tan esperada como esta no se vea empa\u00f1ada\npor emergencias producto de alg\u00fan accidente laboral o de una intoxicaci\u00f3n. Por\nello, como parte del gobierno del Presidente Sebasti\u00e1n Pi\u00f1era y recordando que\nhay muchas personas que trabajan durante estas fiestas, queremos hacer un\nllamado al autocuidado, a reforzar las medidas de seguridad y de higiene para\nque, efectivamente, tengamos un 18 m\u00e1s seguro este a\u00f1o\u201d.<\/p>\n\n\n\n<p>En l\u00ednea con este\nobjetivo, el ISL realiza durante septiembre esta campa\u00f1a cuyo objetivo es dar a\nconocer medidas preventivas, prioritariamente, en locales y puestos de comida\nt\u00edpica, que se ven mayormente concurridos durante esta \u00e9poca, para evitar\naccidentes, reforzando el debido uso de extintores, de elementos adecuados para\nla correcta manipulaci\u00f3n de alimentos (delantal, mascarillas, gorro), adem\u00e1s de\nla disposici\u00f3n de agua potable, ba\u00f1os para trabajadores, \u00e1reas limpias de\ncocina, as\u00ed como recomendaciones b\u00e1sicas de primeros auxilios y medidas en caso\nde incendios, entre otras importantes recomendaciones que ser\u00e1n entregadas en\ndistintos locales de la ciudad.<\/p>\n\n\n\n<p>Al respecto, el\ndirector regional del ISL, se\u00f1al\u00f3 que \u201cnosotros como ISL y administradores del\nseguro de accidentes del trabajo y enfermedades profesionales, queremos\nrecordar a las personas que quienes trabajan durante estos d\u00edas est\u00e1n protegidos\npor este seguro, por lo que, ante cualquier eventualidad, pueden hacer uso de\nestos beneficios que otorga la ley. Aunque lo ideal es que no tengan que\nutilizarlo para que tengamos unas fiestas con un balance positivo\u201d.<\/p>\n\n\n\n<p>Con esta acci\u00f3n, el\nInstituto de Seguridad Laboral busca contribuir en la salud laboral de los\ntrabajadores mediante una cultura de la prevenci\u00f3n, a trav\u00e9s de capacitaciones\nen Uso y Manejo de Extintores y la entrega de afiches y volantes con\ninformaci\u00f3n relevante a considerar para prevenir accidentes laborales.<\/p>\n\n\n\n<p><strong>Entre la informaci\u00f3n que proporciona el ISL est\u00e1: <\/strong><\/p>\n\n\n\n<ul class=\"wp-block-list\"><li><strong>En\nfondas, ramadas y locales, m\u00e1s higiene, m\u00e1s salud y una mejor atenci\u00f3n:<br>\n<\/strong>Disponga de agua potable.<strong><\/strong><\/li><\/ul>\n\n\n\n<p>En\nel caso de los ba\u00f1os para los trabajadores, se debe cumplir con lo estipulado\nen el art\u00edculo N\u00ba 21, del Decreto Supremo 594.<strong><\/strong><\/p>\n\n\n\n<p>Disponga\nde un \u00e1rea limpia de cocina; con pisos, paredes y mesones de material lavable.<br>\nMantenga los recipientes y bolsas de basura bien cerrados y alejados de\nlas \u00e1reas de manipulaci\u00f3n de alimentos.<br>\n<br>\n<\/p>\n\n\n\n<ul class=\"wp-block-list\"><li><strong>Para\nque en Fiestas Patrias todos tengan una alimentaci\u00f3n segura:<br>\n<\/strong>Aseg\u00farese de que los alimentos y materias primas, como carnes, provengan\nde f\u00e1bricas o mataderos autorizados.<br>\nMantenga refrigerados los alimentos perecibles (si corresponde) o en envases\nprotegidos para evitar su contaminaci\u00f3n.Preoc\u00fapese de que al servir los alimentos est\u00e9n bien cocidos<br>\nUna vez preparados, los alimentos deben ofrecerse al consumo inmediatamente.<br>\nMantenga siempre la cadena de frio.<\/li><\/ul>\n\n\n\n<ul class=\"wp-block-list\"><li><strong>Higiene y Seguridad al preparar los\nalimentos <br>\n<\/strong>L\u00e1vese las manos antes de entrar en contacto con\nalimentos, despu\u00e9s de usar los servicios higi\u00e9nicos y despu\u00e9s de almacenar o\nrecoger basura.<\/li><\/ul>\n\n\n\n<p>Use\ndelantal, mascarilla y un gorro que cubra la totalidad del pelo.<br>\nNo use adornos en las manos y mantenga las u\u00f1as cortas y sin barniz.<br>\nNo coma ni fume al manipular alimentos, y evite conductas antihigi\u00e9nicas, como\ntoser o estornudar en la zona donde se preparen comidas.<br>\nMantenga los alimentos alejados de productos t\u00f3xicos, como l\u00edquidos de\nlimpieza.<br>\nManipule en forma separada los alimentos crudos de los ya preparados para su\nconsumo.<\/p>\n\n\n\n<table class=\"wp-block-table\"><tbody><tr><td>\n    \n    <strong>Dependiendo de las dimensiones\n    de las fondas, ramadas y locales, \u00e9stas deben contar con<\/strong>\n    Extintores\n    port\u00e1tiles (recomendables de 6 kg.) de polvo qu\u00edmico seco, para fuegos tipo\n    A, B y C, puestos en lugares de f\u00e1cil acceso, con mantenci\u00f3n al d\u00eda y\n    certificados por un organismo calificado.\n    &nbsp;\n    \n    <\/td><\/tr><\/tbody><\/table>\n\n\n\n<ul class=\"wp-block-list\"><li><strong>Medidas frente a una emergencia:<br>\n<\/strong>Contemple un procedimiento\npara incendios y otras emergencias.<br>\nEl encargado de coordinar y ejecutar procedimientos ante emergencias deber\u00e1\nestar capacitado en primeros auxilios y evacuaci\u00f3n, adem\u00e1s de contar con\nelementos para el manejo de la emergencia (meg\u00e1fonos, distintivos personales y\notros).<br>\nLos locales deben contar con v\u00edas de\nevacuaci\u00f3n adecuadas que permitan el flujo de personas y equipos de emergencia.\nEstas v\u00edas deben estar se\u00f1alizadas y visibles en los locales y en zonas\naleda\u00f1as como calles y pasajes interiores.<br>\nSe debe contar con una zona de seguridad debidamente acordada o indicada.<br>\nSe recomienda que los sectores donde se ubiquen los prestadores de primeros\nauxilios y de seguridad p\u00fablica se mantengan se\u00f1alizados y reconocibles.<br>\n<br>\n<\/li><li><strong>Recomendaciones B\u00e1sicas de Primeros\nAuxilios<br>\n<\/strong>Frente a un accidentado mantenga la calma y trate de\nactuar lo m\u00e1s r\u00e1pido posible.<br>\nEvite la aglomeraci\u00f3n de p\u00fablico. Esto no ayuda al accidentado y lo inquieta\nm\u00e1s.<br>\nExamine cuidadosamente a la persona afectada, evitando toda clase de\nmovimientos que puedan complicar su lesi\u00f3n.<br>\nAplique los primeros auxilios s\u00f3lo si tiene conocimientos del tema.<br>\nLlame al servicio de urgencia y no deje solo al accidentado.<br>\nEn caso de quemaduras por aceites o l\u00edquidos calientes siga los siguientes\npasos:<\/li><li>Despeje\nla zona afectada del cuerpo, cortando ropas si es necesario. <\/li><li>Quite\nanillos o adornos que entorpezcan la atenci\u00f3n adecuada. <\/li><li>Enfr\u00ede\nla quemadura con bastante agua si hay dolor y enrojecimiento. <\/li><li>NO\nuse remedios caseros <\/li><li>NO\nrompa las ampollas si se presentan. <\/li><\/ul>\n\n\n\n<p>Si hay\nheridas sangrantes, pida el traslado inmediato a un centro asistencial.<br>\n<br>\nEn caso de heridas por cortes, antes de intervenir l\u00e1vese prolijamente las\nmanos, despu\u00e9s lave la herida de la persona afectada con agua corriente. Si\nsangra mucho, trate de detener la hemorragia y pida el traslado a un centro\nasistencial. Lo m\u00e1s importante es evitar infecciones y hemorragias.<\/p>\n","protected":false},"excerpt":{"rendered":"<p>Junto a los trabajadores de restaurante \u201cEl Chile\u201d de Punta Arenas, la Seremi del Trabajo y Previsi\u00f3n Social, Victoria Cort\u00e9s, y el director regional del Instituto de Seguridad Laboral (ISL),&#8230; <a class=\"read-more\" href=\"https:\/\/www.radiopresidenteibanez.cl\/web\/en-el-marco-de-la-campana-18-seguro-autoridad-laboral-difunde-medidas-de-seguridad-para-trabajadores-en-fiestas-patrias\/\">Leer m\u00e1s<\/a><\/p>\n","protected":false},"author":2,"featured_media":7132,"comment_status":"closed","ping_status":"closed","sticky":false,"template":"","format":"standard","meta":{"footnotes":""},"categories":[1],"tags":[],"class_list":["post-7131","post","type-post","status-publish","format-standard","has-post-thumbnail","hentry","category-cronica"],"_links":{"self":[{"href":"https:\/\/www.radiopresidenteibanez.cl\/web\/wp-json\/wp\/v2\/posts\/7131","targetHints":{"allow":["GET"]}}],"collection":[{"href":"https:\/\/www.radiopresidenteibanez.cl\/web\/wp-json\/wp\/v2\/posts"}],"about":[{"href":"https:\/\/www.radiopresidenteibanez.cl\/web\/wp-json\/wp\/v2\/types\/post"}],"author":[{"embeddable":true,"href":"https:\/\/www.radiopresidenteibanez.cl\/web\/wp-json\/wp\/v2\/users\/2"}],"replies":[{"embeddable":true,"href":"https:\/\/www.radiopresidenteibanez.cl\/web\/wp-json\/wp\/v2\/comments?post=7131"}],"version-history":[{"count":0,"href":"https:\/\/www.radiopresidenteibanez.cl\/web\/wp-json\/wp\/v2\/posts\/7131\/revisions"}],"wp:featuredmedia":[{"embeddable":true,"href":"https:\/\/www.radiopresidenteibanez.cl\/web\/wp-json\/wp\/v2\/media\/7132"}],"wp:attachment":[{"href":"https:\/\/www.radiopresidenteibanez.cl\/web\/wp-json\/wp\/v2\/media?parent=7131"}],"wp:term":[{"taxonomy":"category","embeddable":true,"href":"https:\/\/www.radiopresidenteibanez.cl\/web\/wp-json\/wp\/v2\/categories?post=7131"},{"taxonomy":"post_tag","embeddable":true,"href":"https:\/\/www.radiopresidenteibanez.cl\/web\/wp-json\/wp\/v2\/tags?post=7131"}],"curies":[{"name":"wp","href":"https:\/\/api.w.org\/{rel}","templated":true}]}}