{"id":7128,"date":"2019-09-17T01:54:43","date_gmt":"2019-09-17T01:54:43","guid":{"rendered":"http:\/\/www.radiopresidenteibanez.cl\/web\/?p=7128"},"modified":"2019-09-17T01:54:49","modified_gmt":"2019-09-17T01:54:49","slug":"gobierno-en-terreno-en-renoval-alumbrado-publico-y-pavimentacion-fueron-los-principales-requerimientos-de-vecinos","status":"publish","type":"post","link":"https:\/\/www.radiopresidenteibanez.cl\/web\/gobierno-en-terreno-en-renoval-alumbrado-publico-y-pavimentacion-fueron-los-principales-requerimientos-de-vecinos\/","title":{"rendered":"GOBIERNO EN TERRENO EN RENOVAL: ALUMBRADO P\u00daBLICO Y PAVIMENTACI\u00d3N FUERON LOS PRINCIPALES REQUERIMIENTOS DE VECINOS"},"content":{"rendered":"\n<p>Hasta Villa Renoval se desplazaron\nlos servicios p\u00fablicos (Carabineros de Chile, PDI, Municipio de Natales,\nSercotec, Indap, Prodemu, Gobernaci\u00f3n, entre otros) y la Gobernadora de \u00daltima\nEsperanza, Ana Mayorga Bahamonde, para realizar una nueva actividad de Gobierno\nen Terreno en el sector rural, ubicado a 60 kil\u00f3metros de Puerto Natales, donde\nviven alrededor de 50 personas.<\/p>\n\n\n\n<p>Con respecto de los requerimientos\nexpresados por la comunidad y el presidente de la junta vecinal, Pablo\nSantib\u00e1\u00f1ez, en la mesa de di\u00e1logo, la Gobernadora indic\u00f3 que \u201cnos encontramos\nen una nueva jornada de Gobierno en Terreno, donde todos los servicios p\u00fablicos\nque han sido solicitados por los vecinos se han desplegado para atenderlos en\nsus requerimientos y consultas. Nos vamos con tareas importantes y espec\u00edficas:\nseguiremos trabajando junto a la Municipalidad de Natales sobre la\nelectrificaci\u00f3n (alumbrado p\u00fablico) y pavimentaci\u00f3n de calles y veredas, para\nluego culminar con una plaza p\u00fablica para que los ni\u00f1os del sector puedan\ndivertirse y compartir\u201d, dijo.<\/p>\n\n\n\n<p>Por otra parte, la m\u00e1xima autoridad\nprovincial, realiz\u00f3 la entrega del Fondo Social Presidente de la Rep\u00fablica, que\nconsta de un cheque de 1.179.330 para que los vecinos puedan invertirlos en lo\nque deseen. \u201cTambi\u00e9n hoy hemos hecho entrega del Fondo Presidente de la\nRep\u00fablica, donde ellos han sido beneficiados para que puedan implementar de\nnuevos insumos a su sede. Para nosotros, como Gobierno del Presidente <\/p>\n\n\n\n<p>Sebasti\u00e1n Pi\u00f1era, es fundamental\nayudar con un grano de arena para que, localidades como estas, rurales,\napartadas de la ciudad, puedan seguir creciendo y desarroll\u00e1ndose\u201d, concluy\u00f3 la\nGobernadora.<\/p>\n\n\n\n<p>En tanto, el representante de la\njunta de vecinos mostr\u00f3 su gratitud por la actividad se\u00f1alando que \u201choy pudimos\nplantearles a las autoridades un plan de trabajo con necesidades que tiene la\nVilla, las prioridades principales son: la pavimentaci\u00f3n del sector, que es un\nproyecto que est\u00e1 encaminado en su dise\u00f1o y el alumbrado p\u00fablico. En el fondo,\ncomprometimos a las autoridades a concretar esos dos proyectos y sacarlos\nadelante\u201d.<\/p>\n\n\n\n<p>Finalmente, al ser consultado por el\nbeneficio del fondo social, Santib\u00e1\u00f1ez puntualiz\u00f3 \u201cnecesitamos equipar la\ncocina de nuestra sede con la compra de nuevos implementos, en eso se ir\u00e1 la\nmayor parte del financiamiento. Gestos como este ayudan al progreso de nuestra\ncomunidad y eso siempre es importante resaltar\u201d.&nbsp;&nbsp; <\/p>\n","protected":false},"excerpt":{"rendered":"<p>Hasta Villa Renoval se desplazaron los servicios p\u00fablicos (Carabineros de Chile, PDI, Municipio de Natales, Sercotec, Indap, Prodemu, Gobernaci\u00f3n, entre otros) y la Gobernadora de \u00daltima Esperanza, Ana Mayorga Bahamonde,&#8230; <a class=\"read-more\" href=\"https:\/\/www.radiopresidenteibanez.cl\/web\/gobierno-en-terreno-en-renoval-alumbrado-publico-y-pavimentacion-fueron-los-principales-requerimientos-de-vecinos\/\">Leer m\u00e1s<\/a><\/p>\n","protected":false},"author":2,"featured_media":7129,"comment_status":"closed","ping_status":"closed","sticky":false,"template":"","format":"standard","meta":{"footnotes":""},"categories":[1],"tags":[],"class_list":["post-7128","post","type-post","status-publish","format-standard","has-post-thumbnail","hentry","category-cronica"],"_links":{"self":[{"href":"https:\/\/www.radiopresidenteibanez.cl\/web\/wp-json\/wp\/v2\/posts\/7128","targetHints":{"allow":["GET"]}}],"collection":[{"href":"https:\/\/www.radiopresidenteibanez.cl\/web\/wp-json\/wp\/v2\/posts"}],"about":[{"href":"https:\/\/www.radiopresidenteibanez.cl\/web\/wp-json\/wp\/v2\/types\/post"}],"author":[{"embeddable":true,"href":"https:\/\/www.radiopresidenteibanez.cl\/web\/wp-json\/wp\/v2\/users\/2"}],"replies":[{"embeddable":true,"href":"https:\/\/www.radiopresidenteibanez.cl\/web\/wp-json\/wp\/v2\/comments?post=7128"}],"version-history":[{"count":0,"href":"https:\/\/www.radiopresidenteibanez.cl\/web\/wp-json\/wp\/v2\/posts\/7128\/revisions"}],"wp:featuredmedia":[{"embeddable":true,"href":"https:\/\/www.radiopresidenteibanez.cl\/web\/wp-json\/wp\/v2\/media\/7129"}],"wp:attachment":[{"href":"https:\/\/www.radiopresidenteibanez.cl\/web\/wp-json\/wp\/v2\/media?parent=7128"}],"wp:term":[{"taxonomy":"category","embeddable":true,"href":"https:\/\/www.radiopresidenteibanez.cl\/web\/wp-json\/wp\/v2\/categories?post=7128"},{"taxonomy":"post_tag","embeddable":true,"href":"https:\/\/www.radiopresidenteibanez.cl\/web\/wp-json\/wp\/v2\/tags?post=7128"}],"curies":[{"name":"wp","href":"https:\/\/api.w.org\/{rel}","templated":true}]}}