{"id":7123,"date":"2019-09-17T01:47:06","date_gmt":"2019-09-17T01:47:06","guid":{"rendered":"http:\/\/www.radiopresidenteibanez.cl\/web\/?p=7123"},"modified":"2019-09-17T01:47:10","modified_gmt":"2019-09-17T01:47:10","slug":"diputado-bianchi-exige-la-renuncia-del-seremi-de-transportes-por-compleja-situacion-del-transporte-publico","status":"publish","type":"post","link":"https:\/\/www.radiopresidenteibanez.cl\/web\/diputado-bianchi-exige-la-renuncia-del-seremi-de-transportes-por-compleja-situacion-del-transporte-publico\/","title":{"rendered":"DIPUTADO BIANCHI EXIGE LA RENUNCIA DEL SEREMI DE TRANSPORTES POR COMPLEJA SITUACI\u00d3N DEL TRANSPORTE P\u00daBLICO"},"content":{"rendered":"\n<p>El parlamentario manifest\u00f3 que el seremi no tiene ning\u00fan\nplan de contingencia, no ha existido la fiscalizaci\u00f3n correspondiente ni se ha\nmultado en ninguna de las innumerables ocasiones en que la empresa ha cometido\ngraves faltas.<\/p>\n\n\n\n<p>Recordemos que el Diputado magall\u00e1nico ha fiscalizado y\ndenunciando la compleja situaci\u00f3n del transporte mayor en la regi\u00f3n a cargo de\nla empresa V\u00eda Austral, acusando el incumplimiento del contrato de subsidio, el\np\u00e9simo estado de los buses y las malas condiciones laborales de los trabajadores.<\/p>\n\n\n\n<p>El Diputado independiente mantuvo conversaciones con la\nministra y con el subsecretario de Transportes, quien incluso se comprometi\u00f3 en\nla Comisi\u00f3n de Transportes a tomar medidas y darles respuestas a los\ntrabajadores.<\/p>\n\n\n\n<p>\u201cVemos que a\u00fan no existe una soluci\u00f3n, siguen impagas las\ncotizaciones de los trabajadores, sigue habiendo d\u00eda a d\u00eda accidentes, los\ncuales tratan de disimular, cada vez hay menos buses en funcionamiento, por lo\ntanto, la situaci\u00f3n se va agudizando\u201d, se\u00f1al\u00f3 el parlamentario.<\/p>\n\n\n\n<p>El Diputado adem\u00e1s explic\u00f3 que como la empresa actual sabe\nque terminar\u00e1 con sus funciones, no est\u00e1 tomando los resguardos pertinentes\ncomo lo son la mantenci\u00f3n de las m\u00e1quinas o las garant\u00edas a los trabajadores.<\/p>\n\n\n\n<p>Explica adem\u00e1s que, debido al proceso de cesi\u00f3n, no se puede\nvolver a licitar y enfatiza que \u201clo que menos queremos es que se elimine el\ntransporte mayor en Punta Arenas, queremos que exista pero que sea seguro,\ndigno y que las personas que trabajen est\u00e9n en condiciones seguras, al igual\nque los pasajeros, transe\u00fantes y automovilistas\u201d.<\/p>\n\n\n\n<p>Con el objetivo de dar una pronta soluci\u00f3n a la comunidad,\nel parlamentario exige un mayor compromiso al ministerio de Transportes, no\nsolo a garantizar la cesi\u00f3n, sino tambi\u00e9n a retener los fondos que se entregan\nmediante subsidios para que en primer lugar se paguen las cotizaciones de los\ntrabajadores.<\/p>\n\n\n\n<p>As\u00ed tambi\u00e9n solicita no traspasar la responsabilidad a la\nempresa para que ceda el contrato, sino que sea el ministerio el que se haga\ncargo y \u201csi tiene que poner m\u00e1s recursos, tendr\u00e1 que hacerlo\u201d, expres\u00f3,\nresponsabiliz\u00e1ndolo tambi\u00e9n por el arreglo de las m\u00e1quinas y el pago de todo lo\ndebido a los trabajadores.<\/p>\n","protected":false},"excerpt":{"rendered":"<p>El parlamentario manifest\u00f3 que el seremi no tiene ning\u00fan plan de contingencia, no ha existido la fiscalizaci\u00f3n correspondiente ni se ha multado en ninguna de las innumerables ocasiones en que&#8230; <a class=\"read-more\" href=\"https:\/\/www.radiopresidenteibanez.cl\/web\/diputado-bianchi-exige-la-renuncia-del-seremi-de-transportes-por-compleja-situacion-del-transporte-publico\/\">Leer m\u00e1s<\/a><\/p>\n","protected":false},"author":2,"featured_media":5567,"comment_status":"closed","ping_status":"closed","sticky":false,"template":"","format":"standard","meta":{"footnotes":""},"categories":[1],"tags":[],"class_list":["post-7123","post","type-post","status-publish","format-standard","has-post-thumbnail","hentry","category-cronica"],"_links":{"self":[{"href":"https:\/\/www.radiopresidenteibanez.cl\/web\/wp-json\/wp\/v2\/posts\/7123","targetHints":{"allow":["GET"]}}],"collection":[{"href":"https:\/\/www.radiopresidenteibanez.cl\/web\/wp-json\/wp\/v2\/posts"}],"about":[{"href":"https:\/\/www.radiopresidenteibanez.cl\/web\/wp-json\/wp\/v2\/types\/post"}],"author":[{"embeddable":true,"href":"https:\/\/www.radiopresidenteibanez.cl\/web\/wp-json\/wp\/v2\/users\/2"}],"replies":[{"embeddable":true,"href":"https:\/\/www.radiopresidenteibanez.cl\/web\/wp-json\/wp\/v2\/comments?post=7123"}],"version-history":[{"count":0,"href":"https:\/\/www.radiopresidenteibanez.cl\/web\/wp-json\/wp\/v2\/posts\/7123\/revisions"}],"wp:featuredmedia":[{"embeddable":true,"href":"https:\/\/www.radiopresidenteibanez.cl\/web\/wp-json\/wp\/v2\/media\/5567"}],"wp:attachment":[{"href":"https:\/\/www.radiopresidenteibanez.cl\/web\/wp-json\/wp\/v2\/media?parent=7123"}],"wp:term":[{"taxonomy":"category","embeddable":true,"href":"https:\/\/www.radiopresidenteibanez.cl\/web\/wp-json\/wp\/v2\/categories?post=7123"},{"taxonomy":"post_tag","embeddable":true,"href":"https:\/\/www.radiopresidenteibanez.cl\/web\/wp-json\/wp\/v2\/tags?post=7123"}],"curies":[{"name":"wp","href":"https:\/\/api.w.org\/{rel}","templated":true}]}}