{"id":7121,"date":"2019-09-16T15:22:45","date_gmt":"2019-09-16T15:22:45","guid":{"rendered":"http:\/\/www.radiopresidenteibanez.cl\/web\/?p=7121"},"modified":"2019-09-16T15:22:50","modified_gmt":"2019-09-16T15:22:50","slug":"convivir-en-paz-por-ernesto-sepulveda","status":"publish","type":"post","link":"https:\/\/www.radiopresidenteibanez.cl\/web\/convivir-en-paz-por-ernesto-sepulveda\/","title":{"rendered":"CONVIVIR EN PAZ por ERNESTO SEPULVEDA"},"content":{"rendered":"\n<p>Amigos y amigas.<\/p>\n\n\n\n<p>La semana que pas\u00f3, nos trajo\nnuevamente a la memoria, el golpe c\u00edvico militar que derroc\u00f3 al gobierno del\npresidente Salvador Allende. Han transcurrido&nbsp;&nbsp;ya 46 a\u00f1os, desde\naquel fat\u00eddico 11 de septiembre de 1973. Una verdadera tragedia hist\u00f3rica, que\nha marcado el siglo XX en nuestro pa\u00eds, y a varias generaciones de chilenos y\nchilenas, que sufrieron la persecuci\u00f3n y las violaciones a los DDHH, o bien,\nque participaron activamente en la represi\u00f3n, o tuvieron cargos de gobierno\ndurante la dictadura.<\/p>\n\n\n\n<p>Avanzadas las primeras dos\nd\u00e9cadas del siglo XXI, las nuevas generaciones de compatriotas merecen vivir en\nuna sociedad abierta, libre, democr\u00e1tica, inclusiva, tolerante.<\/p>\n\n\n\n<p>Los adultos no hemos hecho lo\nsuficiente para construir ese pa\u00eds en paz, que crece sobre la verdad y la\njusticia. No solamente subsisten&nbsp;&nbsp;profundas divisiones pol\u00edticas,\nsino que, lo que es mas grave, ha surgido una perniciosa corriente de\n\u201cnegacionismo hist\u00f3rico\u201d.<\/p>\n\n\n\n<p>Personas con educaci\u00f3n e\ninformaci\u00f3n, negando conscientemente, la planificaci\u00f3n del horror, con cr\u00edmenes\nde lesa humanidad, desde 1973 a 1989. Lo que se encuentra probado y respaldado\ncon evidencia y datos cient\u00edficos.&nbsp;&nbsp;Es un s\u00edmil perverso, con\nmovimientos neo nazis y neo fascistas que niegan la existencia del \u201cHolocausto\u201d\ndonde se masacr\u00f3 millones de personas, por ser jud\u00edas.<\/p>\n\n\n\n<p>Una sociedad no prospera, sin\nuna base de verdad y justicia, sin la existencia del compromiso de no repetir\nlos horrores del pasado. Es mucho o que nos falta a\u00fan por avanzar. Y nuevamente\nla neutralidad, el \u201cno me gusta la pol\u00edtica\u201d, \u201csoy apol\u00edtico\u201d, es totalmente\nfuncional al ocultamiento de la verdad. A intentos por disimular o atenuar las\nresponsabilidades. Sobre todo de los civiles que protagonizaron el golpe de\nestado, junto a los militares. Personas, muchas de las cuales, labraron su\nfortuna, gracias a as granjer\u00edas y privilegios, que el dictador brindaba a su\ns\u00e9quito.<\/p>\n\n\n\n<p>Tenemos hoy d\u00eda, la\nresponsabilidad de construir la paz sobre la base de la verdad. Queremos que\nnuestros ni\u00f1os y j\u00f3venes tengan a oportunidad de convivir,\nsin&nbsp;&nbsp;odiosidades, sin sesgos ni vetos de ning\u00fan tipo. Para eso se\nrequiere conocer nuestra historia.<\/p>\n\n\n\n<p>Lamentablemente el gobierno de\nderecha, formado por varios colaboradores, promotores y defensores del dictador\nPinochet, est\u00e1 impulsando la eliminaci\u00f3n de las clases de historia a nuestros\nj\u00f3venes. Establecer como optativa esta asignatura, es un intento por ocultar la\nrealidad, ocultar la verdad. Es el primer pelda\u00f1o, para negar todas las\natrocidades protagonizadas por este mismo sector pol\u00edtico.<\/p>\n\n\n\n<p>Sobre la base de la\nignorancia, de la falta de informaci\u00f3n, o por la informaci\u00f3n falsa propalada\npor medios de prensa afines, las dictaduras logran controlar a la poblaci\u00f3n. En\ndemocracia, no estamos a salvo de los intentos de manipulaci\u00f3n de los hechos,\npara cambiar la visi\u00f3n que tenemos del pasado.<\/p>\n\n\n\n<p>La democracia se defiende con\nverdad, y es sobre la base de una convivencia basada en la verdad, que surge la\npaz, la concordia, o la posibilidad de construir acuerdos que nos permitan\navanzar.<\/p>\n\n\n\n<p>Y los avances civilizatorios,\nse consiguen as\u00ed, con respeto por la verdad, con la aceptaci\u00f3n de diferencias,\nsobre la base del respeto de los derechos inalienables de la persona humana.<\/p>\n\n\n\n<p>En septiembre de 2019, no\npodemos dar nada por sentado. Debemos ser capaces de defender nuestra\nconvivencia, hacer esfuerzos por la paz. Que las expresiones sociales y\npol\u00edticas, persigan por sobre todo el bienestar general. Este bienestar solo\npuede existir&nbsp;&nbsp;si podemos vivir y desenvolvernos en paz.<\/p>\n\n\n\n<p>Todas estas ideas, que parecen\ntan obvias, una verdadera perogrullada. No son aceptadas por todos. Tambi\u00e9n\nexisten grupos, afortunadamente min\u00fasculos, que pretenden destruir la\nconvivencia en sociedad. Expresi\u00f3n de esto, son los grupos ultra nacionalistas,\no proto fascistas, que promueven el racismo, la homofobia y la restricci\u00f3n de\nlibertades.<\/p>\n\n\n\n<p>En Magallanes no estamos\nexentos de vivir este flagelo. Ac\u00e1 hemos podido ver en acci\u00f3n a un reducido\ngrupo, de no m\u00e1s de 5 o 6 personas, que fueron capaces de frustrar una\nmovilizaci\u00f3n pac\u00edfica.&nbsp;&nbsp;Hay quienes se\u00f1alan que serian anarquistas.\nMe inclino a pensar que se trata s\u00f3lo de lumpen, o delincuentes infiltrados.<\/p>\n\n\n\n<p>Es tal el desprop\u00f3sito de\nestos individuos, que terminaron golpeando a los propios participantes en la\nmarcha, entre ellos al secretario regional del Partido comunista.<\/p>\n\n\n\n<p>Conservar nuestra convivencia\nen Magallanes, es tarea de todos, y ojal\u00e1 sea un compromiso de los candidatos,\ncon miras a las elecciones de gobernador regional. Todos debemos velar por\nnuestro modo de vida,&nbsp;&nbsp;para ello requerimos, no solo\ngarantizar&nbsp;&nbsp;los recursos para vivir y desarrollarnos en el austro.\nTambi\u00e9n necesitamos conservar nuestra caracter\u00edstica de tierra de inmigrantes y\nso\u00f1adores, de hombres y mujeres valientes, que con lealtad y coraje construyen\nun hogar mejor para nuestros hijos.<\/p>\n\n\n\n<p>Amigos y amigas, soy Ernesto\nSep\u00falveda, y espero que con el trabajo de todos podamos erradicar el\nnegacionismo, la ignorancia,&nbsp;&nbsp;y la intolerancia, de nuestra tierra.<\/p>\n\n\n\n<p>Punta Arenas, lunes 16 de\nseptiembre de 2019.-<\/p>\n","protected":false},"excerpt":{"rendered":"<p>Amigos y amigas. La semana que pas\u00f3, nos trajo nuevamente a la memoria, el golpe c\u00edvico militar que derroc\u00f3 al gobierno del presidente Salvador Allende. Han transcurrido&nbsp;&nbsp;ya 46 a\u00f1os, desde&#8230; <a class=\"read-more\" href=\"https:\/\/www.radiopresidenteibanez.cl\/web\/convivir-en-paz-por-ernesto-sepulveda\/\">Leer m\u00e1s<\/a><\/p>\n","protected":false},"author":2,"featured_media":2310,"comment_status":"closed","ping_status":"closed","sticky":false,"template":"","format":"standard","meta":{"footnotes":""},"categories":[1],"tags":[],"class_list":["post-7121","post","type-post","status-publish","format-standard","has-post-thumbnail","hentry","category-cronica"],"_links":{"self":[{"href":"https:\/\/www.radiopresidenteibanez.cl\/web\/wp-json\/wp\/v2\/posts\/7121","targetHints":{"allow":["GET"]}}],"collection":[{"href":"https:\/\/www.radiopresidenteibanez.cl\/web\/wp-json\/wp\/v2\/posts"}],"about":[{"href":"https:\/\/www.radiopresidenteibanez.cl\/web\/wp-json\/wp\/v2\/types\/post"}],"author":[{"embeddable":true,"href":"https:\/\/www.radiopresidenteibanez.cl\/web\/wp-json\/wp\/v2\/users\/2"}],"replies":[{"embeddable":true,"href":"https:\/\/www.radiopresidenteibanez.cl\/web\/wp-json\/wp\/v2\/comments?post=7121"}],"version-history":[{"count":0,"href":"https:\/\/www.radiopresidenteibanez.cl\/web\/wp-json\/wp\/v2\/posts\/7121\/revisions"}],"wp:featuredmedia":[{"embeddable":true,"href":"https:\/\/www.radiopresidenteibanez.cl\/web\/wp-json\/wp\/v2\/media\/2310"}],"wp:attachment":[{"href":"https:\/\/www.radiopresidenteibanez.cl\/web\/wp-json\/wp\/v2\/media?parent=7121"}],"wp:term":[{"taxonomy":"category","embeddable":true,"href":"https:\/\/www.radiopresidenteibanez.cl\/web\/wp-json\/wp\/v2\/categories?post=7121"},{"taxonomy":"post_tag","embeddable":true,"href":"https:\/\/www.radiopresidenteibanez.cl\/web\/wp-json\/wp\/v2\/tags?post=7121"}],"curies":[{"name":"wp","href":"https:\/\/api.w.org\/{rel}","templated":true}]}}