{"id":707,"date":"2019-01-24T19:10:37","date_gmt":"2019-01-24T19:10:37","guid":{"rendered":"http:\/\/www.radiopresidenteibanez.cl\/web\/?p=707"},"modified":"2019-01-24T19:10:59","modified_gmt":"2019-01-24T19:10:59","slug":"director-de-la-d-o-s-destaca-aprobacion-del-proyecto-de-ley-que-simplificara-la-calificacion-de-las-elecciones-de-las-juntas-de-vecinos","status":"publish","type":"post","link":"https:\/\/www.radiopresidenteibanez.cl\/web\/director-de-la-d-o-s-destaca-aprobacion-del-proyecto-de-ley-que-simplificara-la-calificacion-de-las-elecciones-de-las-juntas-de-vecinos\/","title":{"rendered":"DIRECTOR DE LA D.O.S DESTACA APROBACI\u00d3N DEL PROYECTO DE LEY QUE SIMPLIFICAR\u00c1 LA CALIFICACI\u00d3N DE LAS ELECCIONES DE LAS JUNTAS DE VECINOS"},"content":{"rendered":"\n<p>Por unanimidad la C\u00e1mara de Diputados y el Senado aprobaron el proyecto de ley que simplificar\u00e1 el procedimiento de calificaci\u00f3n de las elecciones de las juntas de vecinos y organizaciones comunitarias. Luego de que el Gobierno pusiera suma urgencia a la iniciativa, con la participaci\u00f3n de la Ministra Secretaria General de Gobierno, Cecilia P\u00e9rez, este mi\u00e9rcoles la Sala del Senado despach\u00f3 las modificaciones a la Ley 19.418, una moci\u00f3n parlamentaria transversal que busca resolver un problema que por a\u00f1os ha dificultado la labor de los dirigentes sociales.<\/p>\n\n\n\n<p>La idea central del nuevo cuerpo legal, que ya queda en condiciones de ser promulgado por el Presidente Sebasti\u00e1n Pi\u00f1era, modifica la Ley N\u00b019.418 sobre Juntas de Vecinos y dem\u00e1s Organizaciones Comunitarias, y la Ley N\u00b018.593, sobre los Tribunales Electorales Regionales, con el objeto de simplificar la calificaci\u00f3n de las elecciones vecinales y comunitarias, adem\u00e1s de entregar mayor publicidad y transparencia al procedimiento eleccionario y reforzar los canales de comunicaci\u00f3n, para as\u00ed garantizar una participaci\u00f3n amplia, libre e informada.<\/p>\n\n\n\n<p>El Director de la Divisi\u00f3n de Organizaciones Sociales, \u00c1lvaro Pillado, calific\u00f3 este tr\u00e1mite legislativo como&nbsp;<strong>\u201cuna gran noticia para las juntas de vecinos, porque desde hace mucho tiempo que no se hac\u00eda un cambio tan significativo en su favor\u201d<\/strong>. Pillado puntualiz\u00f3 que<strong>\u201cestamos cumpliendo con un anhelo muy profundo de las organizaciones sociales, ya que a partir de ahora se podr\u00e1n simplificar y hacer menos engorrosos los procesos para calificar sus elecciones de directivas y por consiguiente mantener su vigencia\u201d.<\/strong><\/p>\n\n\n\n<p>Dentro de las modificaciones aprobadas en el Senado, se estipul\u00f3 que las elecciones de las organizaciones regidas por la Ley N\u00b0 19.4181 ya no deber\u00e1n ser calificadas por el Tribunal Electoral Regional (TER), sin perjuicio del derecho de reclamaci\u00f3n de cualquier interesado ante el TER, dentro de un plazo de 15 d\u00edas desde la elecci\u00f3n. Frente a este cambio, el Director de la DOS se\u00f1al\u00f3 que \u201c<strong>el tr\u00e1mite obligatorio que ten\u00edan que hacer los dirigentes ante el Tribunal Electoral Regional para obtener la vigencia de sus organizaciones, dificultaba muchas veces que estas pudieran constituirse. Ahora, con la aprobaci\u00f3n de este proyecto de ley, las organizaciones sociales podr\u00e1n presentar los documentos de su elecci\u00f3n directamente ante el municipio respectivo y solo en caso que exista alg\u00fan reclamo, se activar\u00e1 el proceso ante el Tribunal\u201d.<\/strong><\/p>\n\n\n\n<p>Finalmente \u00c1lvaro Pillado agradeci\u00f3 a los senadores y diputados que aprobaron esta ley, que har\u00e1 m\u00e1s expedita la conformaci\u00f3n de las juntas de vecinos y que en definitiva potenciar\u00e1 la participaci\u00f3n ciudadana y fortalecer\u00e1 a las organizaciones sociales.<\/p>\n","protected":false},"excerpt":{"rendered":"<p>Por unanimidad la C\u00e1mara de Diputados y el Senado aprobaron el proyecto de ley que simplificar\u00e1 el procedimiento de calificaci\u00f3n de las elecciones de las juntas de vecinos y organizaciones&#8230; <a class=\"read-more\" href=\"https:\/\/www.radiopresidenteibanez.cl\/web\/director-de-la-d-o-s-destaca-aprobacion-del-proyecto-de-ley-que-simplificara-la-calificacion-de-las-elecciones-de-las-juntas-de-vecinos\/\">Leer m\u00e1s<\/a><\/p>\n","protected":false},"author":2,"featured_media":708,"comment_status":"closed","ping_status":"closed","sticky":false,"template":"","format":"standard","meta":{"footnotes":""},"categories":[1],"tags":[],"class_list":["post-707","post","type-post","status-publish","format-standard","has-post-thumbnail","hentry","category-cronica"],"_links":{"self":[{"href":"https:\/\/www.radiopresidenteibanez.cl\/web\/wp-json\/wp\/v2\/posts\/707","targetHints":{"allow":["GET"]}}],"collection":[{"href":"https:\/\/www.radiopresidenteibanez.cl\/web\/wp-json\/wp\/v2\/posts"}],"about":[{"href":"https:\/\/www.radiopresidenteibanez.cl\/web\/wp-json\/wp\/v2\/types\/post"}],"author":[{"embeddable":true,"href":"https:\/\/www.radiopresidenteibanez.cl\/web\/wp-json\/wp\/v2\/users\/2"}],"replies":[{"embeddable":true,"href":"https:\/\/www.radiopresidenteibanez.cl\/web\/wp-json\/wp\/v2\/comments?post=707"}],"version-history":[{"count":0,"href":"https:\/\/www.radiopresidenteibanez.cl\/web\/wp-json\/wp\/v2\/posts\/707\/revisions"}],"wp:featuredmedia":[{"embeddable":true,"href":"https:\/\/www.radiopresidenteibanez.cl\/web\/wp-json\/wp\/v2\/media\/708"}],"wp:attachment":[{"href":"https:\/\/www.radiopresidenteibanez.cl\/web\/wp-json\/wp\/v2\/media?parent=707"}],"wp:term":[{"taxonomy":"category","embeddable":true,"href":"https:\/\/www.radiopresidenteibanez.cl\/web\/wp-json\/wp\/v2\/categories?post=707"},{"taxonomy":"post_tag","embeddable":true,"href":"https:\/\/www.radiopresidenteibanez.cl\/web\/wp-json\/wp\/v2\/tags?post=707"}],"curies":[{"name":"wp","href":"https:\/\/api.w.org\/{rel}","templated":true}]}}