{"id":7066,"date":"2019-09-13T17:08:23","date_gmt":"2019-09-13T17:08:23","guid":{"rendered":"http:\/\/www.radiopresidenteibanez.cl\/web\/?p=7066"},"modified":"2019-09-13T17:08:29","modified_gmt":"2019-09-13T17:08:29","slug":"senadora-goic-y-diputada-amar-solicitaron-al-ministro-del-interior-que-gobierno-se-pronuncie-por-el-feriado-del-21-de-septiembre","status":"publish","type":"post","link":"https:\/\/www.radiopresidenteibanez.cl\/web\/senadora-goic-y-diputada-amar-solicitaron-al-ministro-del-interior-que-gobierno-se-pronuncie-por-el-feriado-del-21-de-septiembre\/","title":{"rendered":"SENADORA GOIC Y DIPUTADA AMAR SOLICITARON AL MINISTRO DEL INTERIOR QUE GOBIERNO SE PRONUNCIE POR EL FERIADO DEL 21 DE SEPTIEMBRE"},"content":{"rendered":"\n<p>\u201cEsta vez no pueden haber excusas por plazos ni por gesti\u00f3n,\npor eso le hemos pedido al Ministro del Interior que el Gobierno se pronuncie\nrespecto a la ley que est\u00e1 en el Congreso Nacional que busca otorgar feriado\nregional el 21 de septiembre en reconocimiento a la haza\u00f1a de la Goleta Ancud,\nque permiti\u00f3 anexar a Chile la Patagonia, y gracias a eso hoy con orgullo\ndecimos somos de la regi\u00f3n de Magallanes y Ant\u00e1rtica Chilena, sin la Toma de\nPosesi\u00f3n del Estrecho de Magallanes, esta frase no existir\u00eda\u201d,<\/p>\n\n\n\n<p>Estas fueron las palabras de la senadora Carolina Goic al\nt\u00e9rmino de la reuni\u00f3n que sostuvo junto a la diputada Sandra Amar con el\nMinistro del Interior Andr\u00e9s Chadwick, a quien le solicitaron que el Estado e\nChile a trav\u00e9s del actual Gobierno decrete como feriado regional el 21 de\nseptiembre,&nbsp; ello para saldar la deuda\nque la naci\u00f3n tiene con el pueblo chilote.<\/p>\n\n\n\n<p>\u201cEl a\u00f1o pasado se nos dijo que los tramites se hab\u00edan hecho\nsobre el l\u00edmite, lo que no fue as\u00ed, pero esta vez tenemos pruebas y evidencias\nclaras que no pueden haber excusas. En enero le entregamos una carta junto a la\ndirectiva del Centro Hijos de Chilo\u00e9 al Presidente Pi\u00f1era, en febrero iniciamos\nuna campa\u00f1a de recolecci\u00f3n de firma y en mayo llegamos hasta La Moneda con m\u00e1s\nde dos mil firma, pero hasta hora el Gobierno no se ha pronunciado\u201d, agreg\u00f3 la\nSenadora Carolina Goic.<\/p>\n\n\n\n<p>Finalmente se\u00f1al\u00f3 que lamentablemente seguiremos en deuda\ncon la comunidad chilota y que luego de haber transcurrido 176 a\u00f1os de la Toma\nde Posesi\u00f3n del Estrecho, no existe un reconocimiento de Estado a esta gesta.<\/p>\n","protected":false},"excerpt":{"rendered":"<p>\u201cEsta vez no pueden haber excusas por plazos ni por gesti\u00f3n, por eso le hemos pedido al Ministro del Interior que el Gobierno se pronuncie respecto a la ley que&#8230; <a class=\"read-more\" href=\"https:\/\/www.radiopresidenteibanez.cl\/web\/senadora-goic-y-diputada-amar-solicitaron-al-ministro-del-interior-que-gobierno-se-pronuncie-por-el-feriado-del-21-de-septiembre\/\">Leer m\u00e1s<\/a><\/p>\n","protected":false},"author":2,"featured_media":7067,"comment_status":"closed","ping_status":"closed","sticky":false,"template":"","format":"standard","meta":{"footnotes":""},"categories":[1],"tags":[],"class_list":["post-7066","post","type-post","status-publish","format-standard","has-post-thumbnail","hentry","category-cronica"],"_links":{"self":[{"href":"https:\/\/www.radiopresidenteibanez.cl\/web\/wp-json\/wp\/v2\/posts\/7066","targetHints":{"allow":["GET"]}}],"collection":[{"href":"https:\/\/www.radiopresidenteibanez.cl\/web\/wp-json\/wp\/v2\/posts"}],"about":[{"href":"https:\/\/www.radiopresidenteibanez.cl\/web\/wp-json\/wp\/v2\/types\/post"}],"author":[{"embeddable":true,"href":"https:\/\/www.radiopresidenteibanez.cl\/web\/wp-json\/wp\/v2\/users\/2"}],"replies":[{"embeddable":true,"href":"https:\/\/www.radiopresidenteibanez.cl\/web\/wp-json\/wp\/v2\/comments?post=7066"}],"version-history":[{"count":0,"href":"https:\/\/www.radiopresidenteibanez.cl\/web\/wp-json\/wp\/v2\/posts\/7066\/revisions"}],"wp:featuredmedia":[{"embeddable":true,"href":"https:\/\/www.radiopresidenteibanez.cl\/web\/wp-json\/wp\/v2\/media\/7067"}],"wp:attachment":[{"href":"https:\/\/www.radiopresidenteibanez.cl\/web\/wp-json\/wp\/v2\/media?parent=7066"}],"wp:term":[{"taxonomy":"category","embeddable":true,"href":"https:\/\/www.radiopresidenteibanez.cl\/web\/wp-json\/wp\/v2\/categories?post=7066"},{"taxonomy":"post_tag","embeddable":true,"href":"https:\/\/www.radiopresidenteibanez.cl\/web\/wp-json\/wp\/v2\/tags?post=7066"}],"curies":[{"name":"wp","href":"https:\/\/api.w.org\/{rel}","templated":true}]}}