{"id":7054,"date":"2019-09-13T16:54:17","date_gmt":"2019-09-13T16:54:17","guid":{"rendered":"http:\/\/www.radiopresidenteibanez.cl\/web\/?p=7054"},"modified":"2019-09-13T16:54:22","modified_gmt":"2019-09-13T16:54:22","slug":"a-fines-del-presente-ano-el-gobierno-regional-comenzara-con-la-elaboracion-de-la-politica-de-fomento-productivo-regional","status":"publish","type":"post","link":"https:\/\/www.radiopresidenteibanez.cl\/web\/a-fines-del-presente-ano-el-gobierno-regional-comenzara-con-la-elaboracion-de-la-politica-de-fomento-productivo-regional\/","title":{"rendered":"A FINES DEL PRESENTE A\u00d1O EL GOBIERNO REGIONAL COMENZARA CON LA ELABORACI\u00d3N DE LA POL\u00cdTICA DE FOMENTO PRODUCTIVO REGIONAL"},"content":{"rendered":"\n<p>Se trata de una iniciativa pionera en Magallanes y la segunda a nivel Nacional.<\/p>\n\n\n\n<p>Seg\u00fan lo establecido en la ley 21.074 de fortalecimiento a la regionalizaci\u00f3n, en materia de fomento de las actividades productivas, le corresponde al Gobierno Regional, formular pol\u00edticas regionales de fomento de las actividades productivas, en lo particular apoyar el Emprendimiento, la innovaci\u00f3n, la capacitaci\u00f3n laboral, el desarrollo de la Ciencia y Tecnolog\u00eda aplicada, el mejoramiento de la Gesti\u00f3n y la competitividad de la base productiva regional en otras materias asociadas.<\/p>\n\n\n\n<p>Ante este desaf\u00edo ic\u00f3nico en Magallanes, el Jefe de la Divisi\u00f3n de Fomento e Industria, del Gobierno Regional, Victor Fernandez, se encuentra sosteniendo m\u00faltiples reuniones y mesas de trabajo con organizaciones P\u00fablicas y Privadas, Asociadas al Fomento Productivo.<\/p>\n\n\n\n<p>El objetivo de estas es ir sentando las bases de lo que ser\u00e1 la construcci\u00f3n de Pol\u00edticas Publicas Regionales, que permitir\u00e1n concluir en la futura Pol\u00edtica de Fomento Productivo Regional, carta futura de navegaci\u00f3n del Gobierno Regional en dichas \u00e1reas de acci\u00f3n.<\/p>\n\n\n\n<p>Durante esta semana Fernandez se reuni\u00f3 con entidades p\u00fablicas locales que se vinculan directamente con esta nueva divisi\u00f3n del Gore, entre las que se destacan, la Secretaria Regional Ministerial de Hacienda, Econom\u00eda, Corfo, Pro Chile, INE, entre otras, con el fin de trabajar en sentar las bases del trabajo colaborativo futuro, generar insumos, cruzar informaci\u00f3n, adem\u00e1s de desarrollar un diagn\u00f3stico de la Situaci\u00f3n Regional, las mencionadas mesas de trabajo continuaran desarroll\u00e1ndose y en el corto plazo se sumaran a ellas actores del mundo privado.<\/p>\n\n\n\n<p>Para el Nuevo Jefe de Divisi\u00f3n de Fomento e Industrias del Gobierno Regional, Victor Fernandez, \u201cEsta es una gran oportunidad de trabajo colaborativo entre instituciones p\u00fablicas relacionadas con el fomento productivo, que nos permitir\u00e1n trabajar en las futuras bases de elaboraci\u00f3n para la generaci\u00f3n de las bases de licitaci\u00f3n de la Pol\u00edtica de Fomento Productivo Regional, la que ser\u00e1 en el corto plazo una tremenda herramienta de desarrollo a la hora de planificar y apoyar el desarrollo de Magallanes\u201d.<\/p>\n\n\n\n<p>Quien tambi\u00e9n participo de esta mesa de trabajo,&nbsp; la Secretaria Regional Ministerial de Hacienda y Econom\u00eda, Fomento y turismo (s), Lil Garc\u00e9s, menciono \u201c La importancia de este tipo de iniciativas, pues es fundamental desarrollar un levantamiento del escenario actual y generar lineamientos estrat\u00e9gicos a largo plazo, con el objetivo de designar eficientemente los recursos y construir una planificaci\u00f3n regional en torno a nuestra matriz productiva, y tambi\u00e9n para generar un esfuerzo adicional en su diversificaci\u00f3n, potenciando nuestra econom\u00eda con una mirada de largo plazo, planificada y sustentable\u201d.<\/p>\n","protected":false},"excerpt":{"rendered":"<p>Se trata de una iniciativa pionera en Magallanes y la segunda a nivel Nacional. Seg\u00fan lo establecido en la ley 21.074 de fortalecimiento a la regionalizaci\u00f3n, en materia de fomento&#8230; <a class=\"read-more\" href=\"https:\/\/www.radiopresidenteibanez.cl\/web\/a-fines-del-presente-ano-el-gobierno-regional-comenzara-con-la-elaboracion-de-la-politica-de-fomento-productivo-regional\/\">Leer m\u00e1s<\/a><\/p>\n","protected":false},"author":2,"featured_media":7055,"comment_status":"closed","ping_status":"closed","sticky":false,"template":"","format":"standard","meta":{"footnotes":""},"categories":[1],"tags":[],"class_list":["post-7054","post","type-post","status-publish","format-standard","has-post-thumbnail","hentry","category-cronica"],"_links":{"self":[{"href":"https:\/\/www.radiopresidenteibanez.cl\/web\/wp-json\/wp\/v2\/posts\/7054","targetHints":{"allow":["GET"]}}],"collection":[{"href":"https:\/\/www.radiopresidenteibanez.cl\/web\/wp-json\/wp\/v2\/posts"}],"about":[{"href":"https:\/\/www.radiopresidenteibanez.cl\/web\/wp-json\/wp\/v2\/types\/post"}],"author":[{"embeddable":true,"href":"https:\/\/www.radiopresidenteibanez.cl\/web\/wp-json\/wp\/v2\/users\/2"}],"replies":[{"embeddable":true,"href":"https:\/\/www.radiopresidenteibanez.cl\/web\/wp-json\/wp\/v2\/comments?post=7054"}],"version-history":[{"count":0,"href":"https:\/\/www.radiopresidenteibanez.cl\/web\/wp-json\/wp\/v2\/posts\/7054\/revisions"}],"wp:featuredmedia":[{"embeddable":true,"href":"https:\/\/www.radiopresidenteibanez.cl\/web\/wp-json\/wp\/v2\/media\/7055"}],"wp:attachment":[{"href":"https:\/\/www.radiopresidenteibanez.cl\/web\/wp-json\/wp\/v2\/media?parent=7054"}],"wp:term":[{"taxonomy":"category","embeddable":true,"href":"https:\/\/www.radiopresidenteibanez.cl\/web\/wp-json\/wp\/v2\/categories?post=7054"},{"taxonomy":"post_tag","embeddable":true,"href":"https:\/\/www.radiopresidenteibanez.cl\/web\/wp-json\/wp\/v2\/tags?post=7054"}],"curies":[{"name":"wp","href":"https:\/\/api.w.org\/{rel}","templated":true}]}}