{"id":7048,"date":"2019-09-13T16:47:19","date_gmt":"2019-09-13T16:47:19","guid":{"rendered":"http:\/\/www.radiopresidenteibanez.cl\/web\/?p=7048"},"modified":"2019-09-13T16:47:24","modified_gmt":"2019-09-13T16:47:24","slug":"medico-geriatra-ramon-lobos-la-importancia-de-abordar-las-decisiones-finales","status":"publish","type":"post","link":"https:\/\/www.radiopresidenteibanez.cl\/web\/medico-geriatra-ramon-lobos-la-importancia-de-abordar-las-decisiones-finales\/","title":{"rendered":"M\u00c9DICO GERIATRA, RAM\u00d3N LOBOS: LA IMPORTANCIA DE ABORDAR LAS DECISIONES FINALES"},"content":{"rendered":"\n<p>Llegar al final de la vida, por lo general, requiere\nadaptarse a una serie de cambios para los cuales muchas veces no se est\u00e1\npreparado. La resistencia existente hace que la vida pase sin detenernos a\npensar ni planificar nuestro d\u00eda a d\u00eda.<\/p>\n\n\n\n<p>En este contexto, el m\u00e9dico geriatra, Ram\u00f3n Lobos V\u00e1squez,\nrealiz\u00f3 una invitaci\u00f3n a los familiares y cuidadores de los adultos mayores, a\nconversar y preparar las decisiones dif\u00edciles, que giran en torno al final de\nla vida.<\/p>\n\n\n\n<p>\u201cEs importante que el adulto mayor, las familias, tengan\nclaro qu\u00e9 decisiones tomar respecto a esos momentos tan dif\u00edciles. Uno observa\nc\u00f3mo a las familias se les hace dif\u00edcil tomar decisiones en momentos tan\ncomplejos en que si no se conoce bien al adulto mayor, si no se conocen sus\npreferencias, si no se conocen cu\u00e1les son sus decisiones vitales, se pueden\ntomar decisiones que a veces afectan el normal proceso de duelo y la relaci\u00f3n\ncon la vida que cada uno lleva\u201d, precis\u00f3 el especialista.<\/p>\n\n\n\n<p>El m\u00e9dico explic\u00f3 que si bien el tema es dif\u00edcil de abordar,\ntanto para la persona como para los familiares, es necesario conocer las\npreferencias en torno a temas tan importantes como el uso de unidades, de\nterapias o nutrici\u00f3n intensivas.<\/p>\n\n\n\n<p>\u201cPor eso es importante, con nuestros mayores, conocer qu\u00e9\npatolog\u00edas tienen, qu\u00e9 medicamentos est\u00e1n tomando, c\u00f3mo es su relaci\u00f3n con la\nvida, qu\u00e9 espera, cu\u00e1l es su futuro, cu\u00e1les son sus deseos, sus anhelos y de\nesa manera, llegado el momento de tomar decisiones complejas y dif\u00edciles, sea\nm\u00e1s f\u00e1cil para quienes deban tomarlas o certificarlas, simplemente cumplir con\nlos anhelos y esperanzas de muchos de los adultos mayores\u201d, explic\u00f3 Lobos.<\/p>\n\n\n\n<p>El especialista hizo un especial llamado a conversar con los\nmayores de la familia, a plantearle estos temas que, aunque sean dif\u00edciles,\ntienen trascendental importancia cuando se llega a esta etapa de la vida.<\/p>\n\n\n\n<p>\u201cComo dice por ah\u00ed una frase, la muerte menos temida da m\u00e1s\nvida. Cuando nosotros sabemos lo que el otro quiere, es m\u00e1s f\u00e1cil cumplir, es\nm\u00e1s f\u00e1cil estar a la altura de las expectativas\u201d, precis\u00f3.<\/p>\n","protected":false},"excerpt":{"rendered":"<p>Llegar al final de la vida, por lo general, requiere adaptarse a una serie de cambios para los cuales muchas veces no se est\u00e1 preparado. La resistencia existente hace que&#8230; <a class=\"read-more\" href=\"https:\/\/www.radiopresidenteibanez.cl\/web\/medico-geriatra-ramon-lobos-la-importancia-de-abordar-las-decisiones-finales\/\">Leer m\u00e1s<\/a><\/p>\n","protected":false},"author":2,"featured_media":7049,"comment_status":"closed","ping_status":"closed","sticky":false,"template":"","format":"standard","meta":{"footnotes":""},"categories":[1],"tags":[],"class_list":["post-7048","post","type-post","status-publish","format-standard","has-post-thumbnail","hentry","category-cronica"],"_links":{"self":[{"href":"https:\/\/www.radiopresidenteibanez.cl\/web\/wp-json\/wp\/v2\/posts\/7048","targetHints":{"allow":["GET"]}}],"collection":[{"href":"https:\/\/www.radiopresidenteibanez.cl\/web\/wp-json\/wp\/v2\/posts"}],"about":[{"href":"https:\/\/www.radiopresidenteibanez.cl\/web\/wp-json\/wp\/v2\/types\/post"}],"author":[{"embeddable":true,"href":"https:\/\/www.radiopresidenteibanez.cl\/web\/wp-json\/wp\/v2\/users\/2"}],"replies":[{"embeddable":true,"href":"https:\/\/www.radiopresidenteibanez.cl\/web\/wp-json\/wp\/v2\/comments?post=7048"}],"version-history":[{"count":0,"href":"https:\/\/www.radiopresidenteibanez.cl\/web\/wp-json\/wp\/v2\/posts\/7048\/revisions"}],"wp:featuredmedia":[{"embeddable":true,"href":"https:\/\/www.radiopresidenteibanez.cl\/web\/wp-json\/wp\/v2\/media\/7049"}],"wp:attachment":[{"href":"https:\/\/www.radiopresidenteibanez.cl\/web\/wp-json\/wp\/v2\/media?parent=7048"}],"wp:term":[{"taxonomy":"category","embeddable":true,"href":"https:\/\/www.radiopresidenteibanez.cl\/web\/wp-json\/wp\/v2\/categories?post=7048"},{"taxonomy":"post_tag","embeddable":true,"href":"https:\/\/www.radiopresidenteibanez.cl\/web\/wp-json\/wp\/v2\/tags?post=7048"}],"curies":[{"name":"wp","href":"https:\/\/api.w.org\/{rel}","templated":true}]}}