{"id":7045,"date":"2019-09-13T16:43:27","date_gmt":"2019-09-13T16:43:27","guid":{"rendered":"http:\/\/www.radiopresidenteibanez.cl\/web\/?p=7045"},"modified":"2019-09-13T16:43:33","modified_gmt":"2019-09-13T16:43:33","slug":"feriado-irrenunciable-empleadores-arriesgan-multas-de-hasta-980-mil-por-trabajador-en-caso-de-infracciones","status":"publish","type":"post","link":"https:\/\/www.radiopresidenteibanez.cl\/web\/feriado-irrenunciable-empleadores-arriesgan-multas-de-hasta-980-mil-por-trabajador-en-caso-de-infracciones\/","title":{"rendered":"FERIADO IRRENUNCIABLE: EMPLEADORES ARRIESGAN MULTAS DE HASTA $980 MIL POR TRABAJADOR EN CASO DE INFRACCIONES"},"content":{"rendered":"\n<p>Ad portas de una nueva\nfestividad patria, las autoridades laborales de la regi\u00f3n hicieron un llamado a\nlos empleadores del sector Comercio a respetar los horarios de cierre y descanso\nde los trabajadores del rubro ante un nuevo Feriado Irrenunciable que se\ndecreta para los d\u00edas 18 y 19 de septiembre pr\u00f3ximos.<\/p>\n\n\n\n<p>As\u00ed lo inform\u00f3 esta\nma\u00f1ana la Seremi del Trabajo, Victoria Cort\u00e9s, acompa\u00f1ada por el director\nregional (s) del Trabajo, Ren\u00e9 Z\u00fa\u00f1iga, y funcionarios del servicio, quienes,\nadem\u00e1s, recorrieron distintos locales de calle Err\u00e1zuriz, tales como:\ncarnicer\u00edas, tiendas de vestir, perfumer\u00edas, cordoner\u00edas, entre otros, para\nhacer difusi\u00f3n de esta importante normativa.<\/p>\n\n\n\n<p>En palabras de la secretaria\nregional, \u201cestamos hoy, en conjunto con la Direcci\u00f3n del Trabajo, ejecutando un\nprograma de difusi\u00f3n del Feriado Irrenunciable para el sector comercio que\ncorresponde a los d\u00edas 18 y 19 de septiembre, recordando que el d\u00eda martes 17\nde septiembre, ya a las 21 horas estos locales tienen que estar cerrados, sin\ntrabajadores en su interior, eso es s\u00faper importante tenerlo presente y el\nferiado se extiende hasta las 6 de la ma\u00f1ana del d\u00eda 20. Por tanto, cada\nrecinto es libre de pactar los horarios de cierre, no obstante, sabemos que,\npor lo general, estos cierran sus puertas entre las 19 y 20 horas, de manera\nque a las 21 horas los trabajadores puedan estar en sus hogares\u201d.<\/p>\n\n\n\n<p>Sobre los locales que\nse encuentran exceptuados de la normativa, la Seremi record\u00f3 que hay\nexcepciones que, desde el a\u00f1o 2016, tienen derecho al decretado descanso\nbianual. \u201cEl llamado es a cumplir la norma, recordando que est\u00e1n exceptuados\naquellos que trabajen en clubes y restaurantes; establecimientos de\nentretenimiento, tales como cines, espect\u00e1culos en vivo, discotecas, pubs;\nlocales comerciales en los aer\u00f3dromos y aeropuertos; casinos de juegos;\nfarmacias de turno y de las llamadas tiendas de conveniencias adosadas a los\nservicentros, siempre que vendan alimentos preparados all\u00ed mismo. A ellos les\ncorresponde el feriado bianual, que significa que quienes trabajaron el 18 y 19\npasados descansan este a\u00f1o, siempre que se mantengan con el mismo empleador\u201d,\nagreg\u00f3 la autoridad.<\/p>\n\n\n\n<p>Consultado sobre\neventuales incumplimientos o infracciones, el director (s) del Trabajo se\nrefiri\u00f3 a las multas que pueden superar los $980 mil pesos por trabajador en\ncaso de constatar vulneraci\u00f3n del derecho a descanso de los trabajadores. <\/p>\n\n\n\n<p>\u201cComo hemos dicho\notros a\u00f1os, desde que sali\u00f3 esta norma, los magall\u00e1nicos paulatinamente han ido\ncumpliendo casi en un 100%. De hecho, el a\u00f1o pasado no tuvimos infracciones. No\nobstante, como es lo habitual, la Direcci\u00f3n del Trabajo realizar\u00e1 una ronda de\nfiscalizaciones verificando los cierres de los locales. Si se constatara\ninfracci\u00f3n al respecto, las multas van entre 5, 10 y 20 UTM (Unidades\nTributarias Mensuales) por trabajador, dependiendo del tama\u00f1o de la empresa\u201d,\nexpuso.<\/p>\n\n\n\n<p>Tras constatar\nincumplimiento, el procedimiento es decretar el cese de funciones del trabajador,\nquien debe abandonar el lugar de trabajo para, posteriormente, aplicar la multa\ncorrespondiente. Asimismo, la Direcci\u00f3n del Trabajo se\u00f1al\u00f3 que pondr\u00e1 especial\n\u00e9nfasis en fiscalizar el descanso bianual de los trabajadores de los locales\ncomo servicentros y restoranes que hayan trabajado el a\u00f1o anterior.<\/p>\n\n\n\n<p>Por otro lado, el\ndirector del trabajo aclar\u00f3 que aquellos locales atendidos por sus propios\ndue\u00f1os pueden abrir durante estos d\u00edas. \u201cComo lo dice la norma, no hay problema\ncon que funcionen locales atendidos por sus due\u00f1os o por familiares, pero hemos\ntenido casos en que un trabajador dice que es pariente del due\u00f1o y no lo es,\npor tanto, es importante recordar que, si se fiscaliza, se debe acreditar el\nparentesco\u201d.<\/p>\n\n\n\n<p>El llamado final de\nlas autoridades, tanto a los trabajadores como a la comunidad magall\u00e1nica, es a\nestar atentos a cualquier posible infracci\u00f3n a la normativa y realizar las\ndenuncias correspondientes, para lo cual existe un banner habilitado en el\nsitio web de la Direcci\u00f3n del Trabajo, <a href=\"http:\/\/www.direcciondeltrabajo.cl\">www.direcciondeltrabajo.cl<\/a>, para\nrecibir los casos que deben ser constatados.<\/p>\n","protected":false},"excerpt":{"rendered":"<p>Ad portas de una nueva festividad patria, las autoridades laborales de la regi\u00f3n hicieron un llamado a los empleadores del sector Comercio a respetar los horarios de cierre y descanso&#8230; <a class=\"read-more\" href=\"https:\/\/www.radiopresidenteibanez.cl\/web\/feriado-irrenunciable-empleadores-arriesgan-multas-de-hasta-980-mil-por-trabajador-en-caso-de-infracciones\/\">Leer m\u00e1s<\/a><\/p>\n","protected":false},"author":2,"featured_media":7046,"comment_status":"closed","ping_status":"closed","sticky":false,"template":"","format":"standard","meta":{"footnotes":""},"categories":[1],"tags":[],"class_list":["post-7045","post","type-post","status-publish","format-standard","has-post-thumbnail","hentry","category-cronica"],"_links":{"self":[{"href":"https:\/\/www.radiopresidenteibanez.cl\/web\/wp-json\/wp\/v2\/posts\/7045","targetHints":{"allow":["GET"]}}],"collection":[{"href":"https:\/\/www.radiopresidenteibanez.cl\/web\/wp-json\/wp\/v2\/posts"}],"about":[{"href":"https:\/\/www.radiopresidenteibanez.cl\/web\/wp-json\/wp\/v2\/types\/post"}],"author":[{"embeddable":true,"href":"https:\/\/www.radiopresidenteibanez.cl\/web\/wp-json\/wp\/v2\/users\/2"}],"replies":[{"embeddable":true,"href":"https:\/\/www.radiopresidenteibanez.cl\/web\/wp-json\/wp\/v2\/comments?post=7045"}],"version-history":[{"count":0,"href":"https:\/\/www.radiopresidenteibanez.cl\/web\/wp-json\/wp\/v2\/posts\/7045\/revisions"}],"wp:featuredmedia":[{"embeddable":true,"href":"https:\/\/www.radiopresidenteibanez.cl\/web\/wp-json\/wp\/v2\/media\/7046"}],"wp:attachment":[{"href":"https:\/\/www.radiopresidenteibanez.cl\/web\/wp-json\/wp\/v2\/media?parent=7045"}],"wp:term":[{"taxonomy":"category","embeddable":true,"href":"https:\/\/www.radiopresidenteibanez.cl\/web\/wp-json\/wp\/v2\/categories?post=7045"},{"taxonomy":"post_tag","embeddable":true,"href":"https:\/\/www.radiopresidenteibanez.cl\/web\/wp-json\/wp\/v2\/tags?post=7045"}],"curies":[{"name":"wp","href":"https:\/\/api.w.org\/{rel}","templated":true}]}}