{"id":7039,"date":"2019-09-13T16:35:42","date_gmt":"2019-09-13T16:35:42","guid":{"rendered":"http:\/\/www.radiopresidenteibanez.cl\/web\/?p=7039"},"modified":"2019-09-13T16:35:49","modified_gmt":"2019-09-13T16:35:49","slug":"candidata-a-la-presidencia-regional-de-la-dc-gloria-chodil-quiero-un-partido-de-integracion-unidad-y-participacion-de-cada-militante","status":"publish","type":"post","link":"https:\/\/www.radiopresidenteibanez.cl\/web\/candidata-a-la-presidencia-regional-de-la-dc-gloria-chodil-quiero-un-partido-de-integracion-unidad-y-participacion-de-cada-militante\/","title":{"rendered":"CANDIDATA A LA PRESIDENCIA REGIONAL DE LA DC GLORIA CHODIL: QUIERO UN PARTIDO DE INTEGRACI\u00d3N, UNIDAD Y PARTICIPACI\u00d3N DE CADA MILITANTE"},"content":{"rendered":"\n<p>\u201cSoy militante por\nm\u00e1s de 32 A\u00f1os, con valores humanistas cristianos, consecuente, creo en la\njusticia social, una sociedad m\u00e1s humana, justa y solidaria, donde todos y\ntodas seamos respetados\/as, tengamos los mismos derechos y oportunidades para\ndesarrollar nuestro talentos y ponerlos al servicio de la comunidad y sociedad.\nNuestra doctrina nos exige pensar en el bienestar social y en la dignidad del\nser humano\u201d. <\/p>\n\n\n\n<p>Estas fueron las\npalabras la militante dem\u00f3crata cristiana Gloria Chodil al momento de inscribir\nla lista que busca competir en las elecciones regionales en la DC que se\ndesarrollar\u00e1n el 20 de octubre, lista que integran militantes de las provincias\nde Magallanes, Tierra del Fuego y \u00daltima Esperanza.<\/p>\n\n\n\n<p>\u201cMi inspiraci\u00f3n es humanista,\npor ello no discriminar\u00e9, sino que integrar\u00e9. A\u00fan somos la alternativa entre la\nderecha extrema y la izquierda totalitaria, el encuentro de mundo\nsocialcristiano&nbsp; la socialdemocracia es\nnecesaria para cambiar Chile hacia un destino mejor. As\u00ed lo hemos hecho, y sin\ncomplejos reiteramos que nuestro domicilio pol\u00edtico se ubica en la Centro\nizquierda\u201d agrego Gloria Chodil.<\/p>\n\n\n\n<p>la lista que\nencabeza, est\u00e1 adem\u00e1s integrada por Miguel Vidal como primer&nbsp; vicepresidente; Juan Collante Torres&nbsp;&nbsp;&nbsp;&nbsp;&nbsp;&nbsp;&nbsp;&nbsp;&nbsp;&nbsp;&nbsp;&nbsp;  (de Tierra del Fuego) segundo\nvicepresidente; &nbsp;Claudia Guti\u00e9rrez\nOrmaz\u00e1bal ( de \u00daltima Esperanza) tercera vicepresidenta y Claudia Ruiz Hijerra\ncomo secretaria general. A la cual se incorporar\u00edan a la directiva, si esta\nlista logra el 60% de los votos, los militantes Christian Garc\u00eda Castillo\ny&nbsp; Juan Luis Oyarzo G\u00e1lvez.<\/p>\n\n\n\n<p>Chodil adem\u00e1s se\u00f1al\u00f3\nque, ser parte de un partido como la DC ha sido una experiencia de vida y una\nlabor enriquecedora, de entrega y tambi\u00e9n de alegr\u00edas, basadas en principios y\nvalores que han promovido pol\u00edticas p\u00fablicas que han tra\u00eddo bienestar a los\nchilenos. \u201cHe aprendido que se debe trabajar con respeto, sin discriminaci\u00f3n,\nvalorando a todas las personas, pero sobre todo resaltando siempre las\npotencialidades de la gente que me rodea, lo que me invita a un permanente\ndescubrimiento y un aprendizaje personal y colectivo\u201d.<\/p>\n\n\n\n<p>Junto con la\ninscripci\u00f3n de la lista regional, de igual modo se inscribi\u00f3 lista que\ncompetir\u00e1 en las elecciones a la directiva comunal, la cual est\u00e1 integrada\npor&nbsp; Jaime Vera Nahuelquin como\npresidente, Idilia Llaiquel Vera como primera vicepresidenta y Juan Barr\u00eda Pe\u00f1a\ncomo secretario. De Ganar esta lista con el 60% de los votos, se incorporar\u00e1n\nlas militantes Teresa Soto Kirk y Gabriela Sep\u00falveda Miranda.<\/p>\n","protected":false},"excerpt":{"rendered":"<p>\u201cSoy militante por m\u00e1s de 32 A\u00f1os, con valores humanistas cristianos, consecuente, creo en la justicia social, una sociedad m\u00e1s humana, justa y solidaria, donde todos y todas seamos respetados\/as,&#8230; <a class=\"read-more\" href=\"https:\/\/www.radiopresidenteibanez.cl\/web\/candidata-a-la-presidencia-regional-de-la-dc-gloria-chodil-quiero-un-partido-de-integracion-unidad-y-participacion-de-cada-militante\/\">Leer m\u00e1s<\/a><\/p>\n","protected":false},"author":2,"featured_media":7040,"comment_status":"closed","ping_status":"closed","sticky":false,"template":"","format":"standard","meta":{"footnotes":""},"categories":[1],"tags":[],"class_list":["post-7039","post","type-post","status-publish","format-standard","has-post-thumbnail","hentry","category-cronica"],"_links":{"self":[{"href":"https:\/\/www.radiopresidenteibanez.cl\/web\/wp-json\/wp\/v2\/posts\/7039","targetHints":{"allow":["GET"]}}],"collection":[{"href":"https:\/\/www.radiopresidenteibanez.cl\/web\/wp-json\/wp\/v2\/posts"}],"about":[{"href":"https:\/\/www.radiopresidenteibanez.cl\/web\/wp-json\/wp\/v2\/types\/post"}],"author":[{"embeddable":true,"href":"https:\/\/www.radiopresidenteibanez.cl\/web\/wp-json\/wp\/v2\/users\/2"}],"replies":[{"embeddable":true,"href":"https:\/\/www.radiopresidenteibanez.cl\/web\/wp-json\/wp\/v2\/comments?post=7039"}],"version-history":[{"count":0,"href":"https:\/\/www.radiopresidenteibanez.cl\/web\/wp-json\/wp\/v2\/posts\/7039\/revisions"}],"wp:featuredmedia":[{"embeddable":true,"href":"https:\/\/www.radiopresidenteibanez.cl\/web\/wp-json\/wp\/v2\/media\/7040"}],"wp:attachment":[{"href":"https:\/\/www.radiopresidenteibanez.cl\/web\/wp-json\/wp\/v2\/media?parent=7039"}],"wp:term":[{"taxonomy":"category","embeddable":true,"href":"https:\/\/www.radiopresidenteibanez.cl\/web\/wp-json\/wp\/v2\/categories?post=7039"},{"taxonomy":"post_tag","embeddable":true,"href":"https:\/\/www.radiopresidenteibanez.cl\/web\/wp-json\/wp\/v2\/tags?post=7039"}],"curies":[{"name":"wp","href":"https:\/\/api.w.org\/{rel}","templated":true}]}}