{"id":7021,"date":"2019-09-12T00:15:58","date_gmt":"2019-09-12T00:15:58","guid":{"rendered":"http:\/\/www.radiopresidenteibanez.cl\/web\/?p=7021"},"modified":"2019-09-12T00:16:03","modified_gmt":"2019-09-12T00:16:03","slug":"en-punta-arenas-conadi-organizo-cinco-dias-de-actividades-dedicadas-a-las-mujeres-indigenas-de-magallanes","status":"publish","type":"post","link":"https:\/\/www.radiopresidenteibanez.cl\/web\/en-punta-arenas-conadi-organizo-cinco-dias-de-actividades-dedicadas-a-las-mujeres-indigenas-de-magallanes\/","title":{"rendered":"EN PUNTA ARENAS CONADI ORGANIZ\u00d3 CINCO D\u00cdAS DE ACTIVIDADES DEDICADAS A LAS MUJERES IND\u00cdGENAS DE MAGALLANES"},"content":{"rendered":"\n<p>Una serie de talleres dedicados a las\nmujeres ind\u00edgenas de la Regi\u00f3n de Magallanes organiz\u00f3 la Corporaci\u00f3n Nacional\nde Desarrollo ind\u00edgena, CONADI, donde se incluyeron tem\u00e1ticas como la normativa\ninternacional de derechos ind\u00edgenas, liderazgo positivo y resoluci\u00f3n de\nconflictos, concluyendo el fin de semana con un an\u00e1lisis profundo para poder\nabordar y avanzar juntas y unidas en beneficio de todas quienes conforman las\ndiferentes asociaciones y comunidades ind\u00edgenas de Punta Arenas.<\/p>\n\n\n\n<p>\u201cEn estos cinco d\u00edas se desarroll\u00f3 un\ngran trabajo en equipo, veo a las dirigentas&nbsp;\nempoderadas y felices por lo realizado. Para quienes representamos al\nGobierno del Presidente Sebasti\u00e1n Pi\u00f1era es muy gratificante ver corazones\ninspiradores en busca de nuevos desaf\u00edos, con visi\u00f3n de futuro y con mucho\nentusiasmo de seguir haciendo cosas en conjunto, elaborando nuevas ideas para\nque todo lo aprendido se pueda ir traspasando de generaci\u00f3n en generaci\u00f3n\u201d, se\u00f1al\u00f3\nla jefa de oficina CONADI Punta Arenas, Carolina Avenda\u00f1o Hille.<\/p>\n\n\n\n<p>\u201cHa sido una experiencia maravillosa,\ndonde hemos aprendido y visto muchos temas. Agradezco a CONADI por el apoyo,\npor querer impulsar estos temas que para nosotros son relevantes y por confiar\nen lo que nosotras quer\u00edamos trabajar. Esta ha sido una gran ense\u00f1anza, nadie volver\u00e1\na su casa como llegamos\u201d, manifest\u00f3 Mar\u00eda \u00c1lvarez, Presidenta de la Comunidad\nKaw\u00e9sqar \u201cAnc\u00f3n sin Salida\u201d, de Punta Arenas.<\/p>\n\n\n\n<p>\u201cEstamos agradecidas por el\napoyo&nbsp; de CONADI y su equipo por el&nbsp; gran trabajo, adem\u00e1s de&nbsp; las expositoras de gran nivel, las cuales nos\nense\u00f1aron mucho\u201d, se\u00f1al\u00f3 Myriam Quidel, Presidenta de la Asociaci\u00f3n WayWen.<\/p>\n\n\n\n<p><strong>Aymaras y diaguitas<\/strong><\/p>\n\n\n\n<p>Cabe se\u00f1alar que estas capacitaciones\nse enmarcaron en la Conmemoraci\u00f3n del d\u00eda Internacional&nbsp; de la Mujer Ind\u00edgena, donde pudieron conocerse\ny abordar temas de inter\u00e9s y que las mismas mujeres ind\u00edgenas de Punta Arenas\nsolicitaron, llegando hasta la regi\u00f3n expositores de gran nivel, siendo\nparte&nbsp; del panel de relatores como el\nAbogado Jorge Aillap\u00e1n Quinteros, las especialistas en materia de liderazgo\npositivo y resoluci\u00f3n de conflictos, Carolina Herrera y Ang\u00e9lica Castro, ambas\npertenecientes al Pueblo Diaguita. <\/p>\n\n\n\n<p>Para finalizar, se realizaron dos\nd\u00edas de trabajo respecto a las Constelaciones Organizacionales (t\u00e9cnica de\nresoluci\u00f3n de conflictos), cuya relatora perteneciente al Pueblo Aymara,\ndesarroll\u00f3 diversas din\u00e1micas de trabajo individual y grupal.<\/p>\n","protected":false},"excerpt":{"rendered":"<p>Una serie de talleres dedicados a las mujeres ind\u00edgenas de la Regi\u00f3n de Magallanes organiz\u00f3 la Corporaci\u00f3n Nacional de Desarrollo ind\u00edgena, CONADI, donde se incluyeron tem\u00e1ticas como la normativa internacional&#8230; <a class=\"read-more\" href=\"https:\/\/www.radiopresidenteibanez.cl\/web\/en-punta-arenas-conadi-organizo-cinco-dias-de-actividades-dedicadas-a-las-mujeres-indigenas-de-magallanes\/\">Leer m\u00e1s<\/a><\/p>\n","protected":false},"author":2,"featured_media":7022,"comment_status":"closed","ping_status":"closed","sticky":false,"template":"","format":"standard","meta":{"footnotes":""},"categories":[1],"tags":[],"class_list":["post-7021","post","type-post","status-publish","format-standard","has-post-thumbnail","hentry","category-cronica"],"_links":{"self":[{"href":"https:\/\/www.radiopresidenteibanez.cl\/web\/wp-json\/wp\/v2\/posts\/7021","targetHints":{"allow":["GET"]}}],"collection":[{"href":"https:\/\/www.radiopresidenteibanez.cl\/web\/wp-json\/wp\/v2\/posts"}],"about":[{"href":"https:\/\/www.radiopresidenteibanez.cl\/web\/wp-json\/wp\/v2\/types\/post"}],"author":[{"embeddable":true,"href":"https:\/\/www.radiopresidenteibanez.cl\/web\/wp-json\/wp\/v2\/users\/2"}],"replies":[{"embeddable":true,"href":"https:\/\/www.radiopresidenteibanez.cl\/web\/wp-json\/wp\/v2\/comments?post=7021"}],"version-history":[{"count":0,"href":"https:\/\/www.radiopresidenteibanez.cl\/web\/wp-json\/wp\/v2\/posts\/7021\/revisions"}],"wp:featuredmedia":[{"embeddable":true,"href":"https:\/\/www.radiopresidenteibanez.cl\/web\/wp-json\/wp\/v2\/media\/7022"}],"wp:attachment":[{"href":"https:\/\/www.radiopresidenteibanez.cl\/web\/wp-json\/wp\/v2\/media?parent=7021"}],"wp:term":[{"taxonomy":"category","embeddable":true,"href":"https:\/\/www.radiopresidenteibanez.cl\/web\/wp-json\/wp\/v2\/categories?post=7021"},{"taxonomy":"post_tag","embeddable":true,"href":"https:\/\/www.radiopresidenteibanez.cl\/web\/wp-json\/wp\/v2\/tags?post=7021"}],"curies":[{"name":"wp","href":"https:\/\/api.w.org\/{rel}","templated":true}]}}