{"id":6981,"date":"2019-09-11T16:19:19","date_gmt":"2019-09-11T16:19:19","guid":{"rendered":"http:\/\/www.radiopresidenteibanez.cl\/web\/?p=6981"},"modified":"2019-09-11T16:19:28","modified_gmt":"2019-09-11T16:19:28","slug":"gobernador-se-dirige-a-paso-fronterizo-en-monte-aymond","status":"publish","type":"post","link":"https:\/\/www.radiopresidenteibanez.cl\/web\/gobernador-se-dirige-a-paso-fronterizo-en-monte-aymond\/","title":{"rendered":"GOBERNADOR SE DIRIGE A PASO FRONTERIZO EN MONTE AYMOND"},"content":{"rendered":"\n<p>Camino\na Monte Aymond se encuentra en estos momentos el gobernador provincial de\nMagallanes, Homero Villegas N\u00fa\u00f1ez, para realizar levantamiento de informaci\u00f3n\nen terreno junto a entidades relacionadas.<\/p>\n\n\n\n<p>Cabe recordar que el paso fronterizo \u201cIntegraci\u00f3n\nAustral\u201d, se encuentra cerrado durante el d\u00eda de hoy (mi\u00e9rcoles) para poder\nllevar a cabo estas diligencias t\u00e9cnicas, luego del lamentable accidente ocurrido ayer, en una\nde las dependencias de alojamiento que ocupan los funcionarios de Aduanas, que\ndej\u00f3 al funcionario de ese Servicio, Rub\u00e9n \u00c1valos Torres, lesionado de\ngravedad.<\/p>\n\n\n\n<p>El gobernador provincial expres\u00f3 que \u201cHoy nos\njuntaremos en Monte Aymond con los distintos servicios que tienen instalaciones\ncon su personal all\u00e1 en el complejo Integraci\u00f3n Austral, Aduanas, SAG, PDI. Nos\njuntaremos con el Director de ONEMI, con arquitectos que vienen desde Aduanas\nde Valpara\u00edso, para poder verificar in situ los caminos a seguir para\ninmediatamente tratar de buscar soluciones. Primero porque estamos muy\npreocupados por lo que le ocurri\u00f3 al funcionario Rub\u00e9n \u00c1valos, ayer, que fue\nuna desgracia. <\/p>\n\n\n\n<p>El gobernador agreg\u00f3 que las autoridades est\u00e1n muy\npreocupados y quieren que los funcionarios tengan la seguridad de trabajar en\nforma tranquila, que no haya riesgo de ninguna \u00edndole. Por eso se determin\u00f3\nayer el cierre del Complejo el d\u00eda de hoy para hacer un levantamiento detallado\nde cu\u00e1les son los problemas que se deben abordar en forma prioritaria.<\/p>\n\n\n\n<p>Nuevamente la autoridad de gobernaci\u00f3n reiter\u00f3 la\nsolidaridad con el funcionario y la familia de Rub\u00e9n \u00c1valos, asimismo pidi\u00f3 la\ncomprensi\u00f3n de los usuarios, porque todas las medidas que se est\u00e1n tomando\ntienen como objetivo prevenir riesgos para proteger a todos los ciudadanos. &nbsp;<\/p>\n","protected":false},"excerpt":{"rendered":"<p>Camino a Monte Aymond se encuentra en estos momentos el gobernador provincial de Magallanes, Homero Villegas N\u00fa\u00f1ez, para realizar levantamiento de informaci\u00f3n en terreno junto a entidades relacionadas. Cabe recordar&#8230; <a class=\"read-more\" href=\"https:\/\/www.radiopresidenteibanez.cl\/web\/gobernador-se-dirige-a-paso-fronterizo-en-monte-aymond\/\">Leer m\u00e1s<\/a><\/p>\n","protected":false},"author":2,"featured_media":6924,"comment_status":"closed","ping_status":"closed","sticky":false,"template":"","format":"standard","meta":{"footnotes":""},"categories":[1],"tags":[],"class_list":["post-6981","post","type-post","status-publish","format-standard","has-post-thumbnail","hentry","category-cronica"],"_links":{"self":[{"href":"https:\/\/www.radiopresidenteibanez.cl\/web\/wp-json\/wp\/v2\/posts\/6981","targetHints":{"allow":["GET"]}}],"collection":[{"href":"https:\/\/www.radiopresidenteibanez.cl\/web\/wp-json\/wp\/v2\/posts"}],"about":[{"href":"https:\/\/www.radiopresidenteibanez.cl\/web\/wp-json\/wp\/v2\/types\/post"}],"author":[{"embeddable":true,"href":"https:\/\/www.radiopresidenteibanez.cl\/web\/wp-json\/wp\/v2\/users\/2"}],"replies":[{"embeddable":true,"href":"https:\/\/www.radiopresidenteibanez.cl\/web\/wp-json\/wp\/v2\/comments?post=6981"}],"version-history":[{"count":0,"href":"https:\/\/www.radiopresidenteibanez.cl\/web\/wp-json\/wp\/v2\/posts\/6981\/revisions"}],"wp:featuredmedia":[{"embeddable":true,"href":"https:\/\/www.radiopresidenteibanez.cl\/web\/wp-json\/wp\/v2\/media\/6924"}],"wp:attachment":[{"href":"https:\/\/www.radiopresidenteibanez.cl\/web\/wp-json\/wp\/v2\/media?parent=6981"}],"wp:term":[{"taxonomy":"category","embeddable":true,"href":"https:\/\/www.radiopresidenteibanez.cl\/web\/wp-json\/wp\/v2\/categories?post=6981"},{"taxonomy":"post_tag","embeddable":true,"href":"https:\/\/www.radiopresidenteibanez.cl\/web\/wp-json\/wp\/v2\/tags?post=6981"}],"curies":[{"name":"wp","href":"https:\/\/api.w.org\/{rel}","templated":true}]}}