{"id":6978,"date":"2019-09-11T16:17:15","date_gmt":"2019-09-11T16:17:15","guid":{"rendered":"http:\/\/www.radiopresidenteibanez.cl\/web\/?p=6978"},"modified":"2019-09-11T16:17:21","modified_gmt":"2019-09-11T16:17:21","slug":"cpc-magallanes-tras-reunion-con-intendente-la-idea-es-ir-tomando-conciencia-que-la-mayoria-de-los-magallanicos-queremos-desarrollo","status":"publish","type":"post","link":"https:\/\/www.radiopresidenteibanez.cl\/web\/cpc-magallanes-tras-reunion-con-intendente-la-idea-es-ir-tomando-conciencia-que-la-mayoria-de-los-magallanicos-queremos-desarrollo\/","title":{"rendered":"CPC MAGALLANES TRAS REUNI\u00d3N CON INTENDENTE: \u201cLA IDEA ES IR TOMANDO CONCIENCIA QUE LA MAYOR\u00cdA DE LOS MAGALL\u00c1NICOS QUEREMOS DESARROLLO\u201d"},"content":{"rendered":"\n<p>Tras una extensa reuni\u00f3n sostenida hoy entre representantes de CPC Magallanes y otros gremios con el Intendente, Jos\u00e9 Fern\u00e1ndez, el sector productivo insisti\u00f3 en la necesidad de respaldar las actividades econ\u00f3micas que se desarrollan en la zona austral de Chile, con especial \u00e9nfasis en la explotaci\u00f3n del carb\u00f3n y la salmonicultura.<\/p>\n\n\n\n<p>En ese sentido, los dirigentes se\u00f1alaron a la primera autoridad regional que existe una falta de apoyo y visi\u00f3n sobre las potencialidades de estas actividades.<\/p>\n\n\n\n<p>\u201cLa idea es apoyar, el Intendente lo tiene muy claro, estos pilares que son el futuro de Magallanes en cuanto al trabajo y la vida, ac\u00e1 no vamos a poder estar viviendo si no hay trabajo. La salmonicultura representa lo que fue la industria ganadera u ovina de hace cien a\u00f1os, que fue la que desarroll\u00f3 todas las actividades econ\u00f3micas\u201d, dijo el presidente de CPC Magallanes, Alejandro Kusanovic.<\/p>\n\n\n\n<p>El dirigente destac\u00f3 que la comunidad ha ido tomando conciencia, luego de la marcha de los chalecos amarillos, que la mayor\u00eda de los magall\u00e1nicos quiere desarrollo, empleo y una vida m\u00e1s digna en Magallanes. \u201cLa gente que est\u00e1 en contra (de la salmonicultura y el carb\u00f3n) tiene que entender que est\u00e1 destruyendo el futuro de Magallanes\u201d, reflexion\u00f3.<\/p>\n\n\n\n<p>Asimismo, agreg\u00f3 que \u201cel gobierno tiene que tomar una posici\u00f3n de estar con el desarrollo, de estar con el futuro y estar con la gente, si ac\u00e1 lo que ha pasado es maravilloso porque en la protesta (de los chalecos amarillos) se juntaron empresarios, emprendedores con trabajadores, es un tema que pasa en los pa\u00edses desarrollados como Jap\u00f3n.\u201d<\/p>\n","protected":false},"excerpt":{"rendered":"<p>Tras una extensa reuni\u00f3n sostenida hoy entre representantes de CPC Magallanes y otros gremios con el Intendente, Jos\u00e9 Fern\u00e1ndez, el sector productivo insisti\u00f3 en la necesidad de respaldar las actividades&#8230; <a class=\"read-more\" href=\"https:\/\/www.radiopresidenteibanez.cl\/web\/cpc-magallanes-tras-reunion-con-intendente-la-idea-es-ir-tomando-conciencia-que-la-mayoria-de-los-magallanicos-queremos-desarrollo\/\">Leer m\u00e1s<\/a><\/p>\n","protected":false},"author":2,"featured_media":6979,"comment_status":"closed","ping_status":"closed","sticky":false,"template":"","format":"standard","meta":{"footnotes":""},"categories":[1],"tags":[],"class_list":["post-6978","post","type-post","status-publish","format-standard","has-post-thumbnail","hentry","category-cronica"],"_links":{"self":[{"href":"https:\/\/www.radiopresidenteibanez.cl\/web\/wp-json\/wp\/v2\/posts\/6978","targetHints":{"allow":["GET"]}}],"collection":[{"href":"https:\/\/www.radiopresidenteibanez.cl\/web\/wp-json\/wp\/v2\/posts"}],"about":[{"href":"https:\/\/www.radiopresidenteibanez.cl\/web\/wp-json\/wp\/v2\/types\/post"}],"author":[{"embeddable":true,"href":"https:\/\/www.radiopresidenteibanez.cl\/web\/wp-json\/wp\/v2\/users\/2"}],"replies":[{"embeddable":true,"href":"https:\/\/www.radiopresidenteibanez.cl\/web\/wp-json\/wp\/v2\/comments?post=6978"}],"version-history":[{"count":0,"href":"https:\/\/www.radiopresidenteibanez.cl\/web\/wp-json\/wp\/v2\/posts\/6978\/revisions"}],"wp:featuredmedia":[{"embeddable":true,"href":"https:\/\/www.radiopresidenteibanez.cl\/web\/wp-json\/wp\/v2\/media\/6979"}],"wp:attachment":[{"href":"https:\/\/www.radiopresidenteibanez.cl\/web\/wp-json\/wp\/v2\/media?parent=6978"}],"wp:term":[{"taxonomy":"category","embeddable":true,"href":"https:\/\/www.radiopresidenteibanez.cl\/web\/wp-json\/wp\/v2\/categories?post=6978"},{"taxonomy":"post_tag","embeddable":true,"href":"https:\/\/www.radiopresidenteibanez.cl\/web\/wp-json\/wp\/v2\/tags?post=6978"}],"curies":[{"name":"wp","href":"https:\/\/api.w.org\/{rel}","templated":true}]}}