{"id":6974,"date":"2019-09-11T15:04:02","date_gmt":"2019-09-11T15:04:02","guid":{"rendered":"http:\/\/www.radiopresidenteibanez.cl\/web\/?p=6974"},"modified":"2019-09-11T15:04:07","modified_gmt":"2019-09-11T15:04:07","slug":"a-46-anos-del-11-de-septiembre-del-1973","status":"publish","type":"post","link":"https:\/\/www.radiopresidenteibanez.cl\/web\/a-46-anos-del-11-de-septiembre-del-1973\/","title":{"rendered":"A 46 A\u00d1OS DEL 11 DE SEPTIEMBRE DEL 1973"},"content":{"rendered":"\n<p>Liderado por el Vicealmirante de la&nbsp;<a href=\"http:\/\/www.memoriachilena.gob.cl\/602\/w3-article-3498.html\">Armada<\/a>, Jos\u00e9 Toribio Merino, y el comandante de la Fuerza A\u00e9rea, Gustavo Leigh, el golpe fue planificado para el 11 de septiembre, debido a que ese d\u00eda el ej\u00e9rcito se encontraba concentrado en&nbsp;<a href=\"http:\/\/www.memoriachilena.gob.cl\/602\/w3-article-3414.html\">Santiago<\/a>&nbsp;por la celebraci\u00f3n de las Glorias del Ej\u00e9rcito. El 8 de septiembre, el general Arellano Stark solicit\u00f3 el apoyo del general Pinochet, pero \u00e9ste no dio una respuesta definitiva. Al d\u00eda siguiente,&nbsp;<a href=\"http:\/\/www.memoriachilena.gob.cl\/602\/w3-article-799.html\">Salvador Allende<\/a>&nbsp;inform\u00f3 al Comandante en Jefe y otros generales del Ej\u00e9rcito que hab\u00eda decidido convocar a un plebiscito, con el fin de dar una salida a la grave crisis pol\u00edtica. Ese mismo d\u00eda, los cabecillas del golpe contaron con el apoyo de Pinochet.<\/p>\n\n\n\n<p>Los acontecimientos comenzaron a desarrollarse temprano. Informado de la sublevaci\u00f3n de la Armada, Allende se dirigi\u00f3 raudamente al Palacio de La Moneda a las 7:30 horas, el que estaba custodiado por tanquetas de carabineros. Luego de conocido el primer comunicado de la Junta Militar, poco a poco se fueron retirando. Cuarenta y cinco minutos m\u00e1s tarde, se iniciaba el ataque al palacio de gobierno por tierra.<\/p>\n\n\n\n<p>Cerca de las once de la ma\u00f1ana, el Presidente Salvador Allende dirigi\u00f3 su \u00faltimo mensaje al pa\u00eds, a trav\u00e9s de una cadena de radioemisoras simpatizantes del gobierno. En \u00e9ste se\u00f1alaba su decisi\u00f3n de no abandonar la casa de gobierno. Agregaba que se mantendr\u00eda firme en su postura de \u00abseguir defendiendo a Chile\u00bb.<\/p>\n\n\n\n<p>Al mediod\u00eda se inici\u00f3 el bombardeo sobre La Moneda, el que se prolong\u00f3 durante 15 minutos. Aviones Hawker Hunter de la Fuerza A\u00e9rea de Chile, luego de sobrevolar su objetivo, atacaron la sede del gobierno con cohetes \u00abrockets\u00bb que destruyeron dependencias y provocaron el incendio del edificio. Pocos minutos despu\u00e9s ca\u00eda La Moneda y el Presidente Salvador Allende era encontrado muerto en el sal\u00f3n principal junto al arma con la cual se suicid\u00f3. Al d\u00eda siguiente, toda la prensa del pa\u00eds mostraba en primera plana el Palacio de La Moneda destruido y humeante. Con tres siglos de historia y habiendo albergado a veintitr\u00e9s\u00a0<a href=\"http:\/\/www.memoriachilena.gob.cl\/602\/w3-article-3573.html\">presidentes de la Republica de Chile<\/a>, hasta ese entonces, \u00e9ste nunca antes hab\u00eda sido destruido.<\/p>\n\n\n\n<p>fuente: memoria chilena<\/p>\n","protected":false},"excerpt":{"rendered":"<p>Liderado por el Vicealmirante de la&nbsp;Armada, Jos\u00e9 Toribio Merino, y el comandante de la Fuerza A\u00e9rea, Gustavo Leigh, el golpe fue planificado para el 11 de septiembre, debido a que&#8230; <a class=\"read-more\" href=\"https:\/\/www.radiopresidenteibanez.cl\/web\/a-46-anos-del-11-de-septiembre-del-1973\/\">Leer m\u00e1s<\/a><\/p>\n","protected":false},"author":2,"featured_media":6975,"comment_status":"closed","ping_status":"closed","sticky":false,"template":"","format":"standard","meta":{"footnotes":""},"categories":[1],"tags":[],"class_list":["post-6974","post","type-post","status-publish","format-standard","has-post-thumbnail","hentry","category-cronica"],"_links":{"self":[{"href":"https:\/\/www.radiopresidenteibanez.cl\/web\/wp-json\/wp\/v2\/posts\/6974","targetHints":{"allow":["GET"]}}],"collection":[{"href":"https:\/\/www.radiopresidenteibanez.cl\/web\/wp-json\/wp\/v2\/posts"}],"about":[{"href":"https:\/\/www.radiopresidenteibanez.cl\/web\/wp-json\/wp\/v2\/types\/post"}],"author":[{"embeddable":true,"href":"https:\/\/www.radiopresidenteibanez.cl\/web\/wp-json\/wp\/v2\/users\/2"}],"replies":[{"embeddable":true,"href":"https:\/\/www.radiopresidenteibanez.cl\/web\/wp-json\/wp\/v2\/comments?post=6974"}],"version-history":[{"count":0,"href":"https:\/\/www.radiopresidenteibanez.cl\/web\/wp-json\/wp\/v2\/posts\/6974\/revisions"}],"wp:featuredmedia":[{"embeddable":true,"href":"https:\/\/www.radiopresidenteibanez.cl\/web\/wp-json\/wp\/v2\/media\/6975"}],"wp:attachment":[{"href":"https:\/\/www.radiopresidenteibanez.cl\/web\/wp-json\/wp\/v2\/media?parent=6974"}],"wp:term":[{"taxonomy":"category","embeddable":true,"href":"https:\/\/www.radiopresidenteibanez.cl\/web\/wp-json\/wp\/v2\/categories?post=6974"},{"taxonomy":"post_tag","embeddable":true,"href":"https:\/\/www.radiopresidenteibanez.cl\/web\/wp-json\/wp\/v2\/tags?post=6974"}],"curies":[{"name":"wp","href":"https:\/\/api.w.org\/{rel}","templated":true}]}}