{"id":6968,"date":"2019-09-10T20:48:03","date_gmt":"2019-09-10T20:48:03","guid":{"rendered":"http:\/\/www.radiopresidenteibanez.cl\/web\/?p=6968"},"modified":"2019-09-10T20:48:08","modified_gmt":"2019-09-10T20:48:08","slug":"con-charla-de-primeros-auxilios-para-padres-comienza-convenio-entre-colegio-charles-darwin-centro-singularis-y-municipalidad-de-punta-arenas","status":"publish","type":"post","link":"https:\/\/www.radiopresidenteibanez.cl\/web\/con-charla-de-primeros-auxilios-para-padres-comienza-convenio-entre-colegio-charles-darwin-centro-singularis-y-municipalidad-de-punta-arenas\/","title":{"rendered":"CON CHARLA DE PRIMEROS AUXILIOS PARA PADRES COMIENZA CONVENIO ENTRE COLEGIO CHARLES DARWIN, CENTRO SINGULARIS Y MUNICIPALIDAD DE PUNTA ARENAS"},"content":{"rendered":"\n<p>La Municipalidad de Punta Arenas, el Centro de Desarrollo Infantil Singularis y el Colegio Charles Darwin, por medio de sus representantes, firmaron un convenio de colaboraci\u00f3n&nbsp; que busca fortalecer en los padres, madres y\/o cuidadores, las habilidades parentales y promover el desarrollo de nuevas competencias favoreciendo la mejora de los comportamientos de crianza de los ni\u00f1os y ni\u00f1as, generando un efecto positivo en la autoestima y en los resultados escolares, su desarrollo cognitivo y su comportamiento.<\/p>\n\n\n\n<p>La firma entre el Alcalde Claudio Radonich, el director del Colegio Charles Darwin, Patricio Yutronic y la Directora del Centro Singularis Andrea Meyer, se llev\u00f3 a cabo en las dependencias de este \u00faltimo lugar, el cual colaborar\u00e1 con la convocatoria a las charlas, los profesionales que expongan, entre otros elementos. Mientras el Colegio facilitar\u00e1 las instalaciones del establecimiento para poder desarrollar de buena manera el calendario elaborado por el Municipio local.<\/p>\n\n\n\n<p>En ese sentido, Radonich valor\u00f3 la colaboraci\u00f3n de los entes p\u00fablico privado, ya que seg\u00fan dijo \u201cotorgan mayor impacto a las actividades que buscamos desarrollar con la comunidad y brindan espacios acorde a las necesidades actuales de la vida familiar\u201d.<\/p>\n\n\n\n<p>Bajo el alero de este acuerdo, se realizar\u00e1n Charlas Gratuitas mensuales para padres, madres y\/o cuidadores de la comuna de Punta Arenas durante el 2019, siendo la m\u00e1s pr\u00f3xima el d\u00eda mi\u00e9rcoles 11 de septiembre a las 19 horas en dependencias del Colegio Charles Darwin, ubicado en Manantiales 0314.<\/p>\n\n\n\n<p>La tem\u00e1tica de esta charla ser\u00e1 \u201cPrimeros Auxilios en Lactantes y Ni\u00f1os\u201d, dictada por la profesional Carla Ram\u00edrez, Kinesi\u00f3loga, Especialista en NDT Infantil, Diplomada en Psicomotricidad del Centro Singularis. Los interesados deben escribir al correo&nbsp;<a href=\"mailto:infanciayjuventud@e-puntaarenas.cl\" target=\"_blank\" rel=\"noreferrer noopener\">infanciayjuventud@e-puntaarenas.cl<\/a><\/p>\n\n\n\n<p>En tanto, para el d\u00eda 9 de Octubre, est\u00e1 fijada la charla \u201cEstilos de Apego\u201d para la cual los interesados deben inscribirse en el correo informado anteriormente.&nbsp;<\/p>\n","protected":false},"excerpt":{"rendered":"<p>La Municipalidad de Punta Arenas, el Centro de Desarrollo Infantil Singularis y el Colegio Charles Darwin, por medio de sus representantes, firmaron un convenio de colaboraci\u00f3n&nbsp; que busca fortalecer en&#8230; <a class=\"read-more\" href=\"https:\/\/www.radiopresidenteibanez.cl\/web\/con-charla-de-primeros-auxilios-para-padres-comienza-convenio-entre-colegio-charles-darwin-centro-singularis-y-municipalidad-de-punta-arenas\/\">Leer m\u00e1s<\/a><\/p>\n","protected":false},"author":2,"featured_media":6969,"comment_status":"closed","ping_status":"closed","sticky":false,"template":"","format":"standard","meta":{"footnotes":""},"categories":[1],"tags":[],"class_list":["post-6968","post","type-post","status-publish","format-standard","has-post-thumbnail","hentry","category-cronica"],"_links":{"self":[{"href":"https:\/\/www.radiopresidenteibanez.cl\/web\/wp-json\/wp\/v2\/posts\/6968","targetHints":{"allow":["GET"]}}],"collection":[{"href":"https:\/\/www.radiopresidenteibanez.cl\/web\/wp-json\/wp\/v2\/posts"}],"about":[{"href":"https:\/\/www.radiopresidenteibanez.cl\/web\/wp-json\/wp\/v2\/types\/post"}],"author":[{"embeddable":true,"href":"https:\/\/www.radiopresidenteibanez.cl\/web\/wp-json\/wp\/v2\/users\/2"}],"replies":[{"embeddable":true,"href":"https:\/\/www.radiopresidenteibanez.cl\/web\/wp-json\/wp\/v2\/comments?post=6968"}],"version-history":[{"count":0,"href":"https:\/\/www.radiopresidenteibanez.cl\/web\/wp-json\/wp\/v2\/posts\/6968\/revisions"}],"wp:featuredmedia":[{"embeddable":true,"href":"https:\/\/www.radiopresidenteibanez.cl\/web\/wp-json\/wp\/v2\/media\/6969"}],"wp:attachment":[{"href":"https:\/\/www.radiopresidenteibanez.cl\/web\/wp-json\/wp\/v2\/media?parent=6968"}],"wp:term":[{"taxonomy":"category","embeddable":true,"href":"https:\/\/www.radiopresidenteibanez.cl\/web\/wp-json\/wp\/v2\/categories?post=6968"},{"taxonomy":"post_tag","embeddable":true,"href":"https:\/\/www.radiopresidenteibanez.cl\/web\/wp-json\/wp\/v2\/tags?post=6968"}],"curies":[{"name":"wp","href":"https:\/\/api.w.org\/{rel}","templated":true}]}}