{"id":6966,"date":"2019-09-10T20:42:30","date_gmt":"2019-09-10T20:42:30","guid":{"rendered":"http:\/\/www.radiopresidenteibanez.cl\/web\/?p=6966"},"modified":"2019-09-10T20:42:36","modified_gmt":"2019-09-10T20:42:36","slug":"diputada-amar-impulsa-iniciativa-para-que-maquinas-expendedoras-de-alimentos-incorporen-por-ley-alternativas-saludables","status":"publish","type":"post","link":"https:\/\/www.radiopresidenteibanez.cl\/web\/diputada-amar-impulsa-iniciativa-para-que-maquinas-expendedoras-de-alimentos-incorporen-por-ley-alternativas-saludables\/","title":{"rendered":"DIPUTADA AMAR IMPULSA INICIATIVA PARA QUE M\u00c1QUINAS EXPENDEDORAS DE ALIMENTOS INCORPOREN POR LEY ALTERNATIVAS SALUDABLES"},"content":{"rendered":"\n<p>A prop\u00f3sito de las alarmantes cifras de obesidad en el pa\u00eds, que alcanzan \u00edndices superiores al 34% de la poblaci\u00f3n en mayores de 15 a\u00f1os, es que la diputada de la UDI, Sandra Amar, present\u00f3 un proyecto de ley que busca alternativas de comida saludable a trav\u00e9s de m\u00e1quinas expendedoras de alimentos en centros de salud y comerciales.<br><\/p>\n\n\n\n<p>Y es que a juicio de la parlamentaria gremialista se hace necesario limitar el expendio de comida NO saludable de estas maquinas, especialmente en centros de salud, incorporando en a lo menos el 30% de sus productos, alternativas saludables.<br><\/p>\n\n\n\n<p>Al respecto el diputada Amar coment\u00f3, \u00abno es posible que en lugares donde se busca resguardar y asegurar la salud de los pacientes, existan estas m\u00e1quinas que ofrecen solo comida chatarra. Hasta ahora no existe mayor limitaci\u00f3n para la instalaci\u00f3n de estas, por eso este proyecto va en completa sinton\u00eda con iniciativas como la ley de etiquetados o el programa elige vivir sano\u00bb.&nbsp;<\/p>\n\n\n\n<p>Asimismo &nbsp;explic\u00f3 que \u00ablos hospitales que han adoptado esta medida en otros pa\u00edses, vieron&nbsp;considerablemente&nbsp;reducidos los niveles de obesidad en sus pacientes. Estados Unidos por ejemplo solicit\u00f3 eliminar estas m\u00e1quinas de los centros de salud, sustentado en la&nbsp;contradicci\u00f3n&nbsp;que existe entre la actividad m\u00e9dica con la comida chatarra\u00bb.<br><\/p>\n\n\n\n<p>\u00abEl proyecto de ley que incorpora un art\u00edculo \u00fanico en nuestra legislaci\u00f3n, establece la obligaci\u00f3n de que m\u00e1quinas&nbsp;expendedoras&nbsp;de alimentos que se encuentren en centros de salud, independiente de la&nbsp;denominaci\u00f3n, o establecimientos comerciales deber\u00e1n contener una oferta saludable que represente a lo menos el 30% de la oferta total\u201d, acot\u00f3 la legisladora.<br><\/p>\n\n\n\n<p>Finalmente, la diputada Sandra Amar afirm\u00f3 que \u00ablos \u00edndices de obesidad en nuestro pa\u00eds son alarmantes y el gasto proyectado para tratar la obesidad en nuestro pa\u00eds es enorme, no debemos quedarnos solo en tratar y recuperar a personas con esta enfermedad, tenemos que actuar antes de que sigan aumentando los problemas de salud asociados a esta verdadera&nbsp;pandemia&nbsp;mundial\u00bb.<\/p>\n","protected":false},"excerpt":{"rendered":"<p>A prop\u00f3sito de las alarmantes cifras de obesidad en el pa\u00eds, que alcanzan \u00edndices superiores al 34% de la poblaci\u00f3n en mayores de 15 a\u00f1os, es que la diputada de&#8230; <a class=\"read-more\" href=\"https:\/\/www.radiopresidenteibanez.cl\/web\/diputada-amar-impulsa-iniciativa-para-que-maquinas-expendedoras-de-alimentos-incorporen-por-ley-alternativas-saludables\/\">Leer m\u00e1s<\/a><\/p>\n","protected":false},"author":2,"featured_media":3008,"comment_status":"closed","ping_status":"closed","sticky":false,"template":"","format":"standard","meta":{"footnotes":""},"categories":[1],"tags":[],"class_list":["post-6966","post","type-post","status-publish","format-standard","has-post-thumbnail","hentry","category-cronica"],"_links":{"self":[{"href":"https:\/\/www.radiopresidenteibanez.cl\/web\/wp-json\/wp\/v2\/posts\/6966","targetHints":{"allow":["GET"]}}],"collection":[{"href":"https:\/\/www.radiopresidenteibanez.cl\/web\/wp-json\/wp\/v2\/posts"}],"about":[{"href":"https:\/\/www.radiopresidenteibanez.cl\/web\/wp-json\/wp\/v2\/types\/post"}],"author":[{"embeddable":true,"href":"https:\/\/www.radiopresidenteibanez.cl\/web\/wp-json\/wp\/v2\/users\/2"}],"replies":[{"embeddable":true,"href":"https:\/\/www.radiopresidenteibanez.cl\/web\/wp-json\/wp\/v2\/comments?post=6966"}],"version-history":[{"count":0,"href":"https:\/\/www.radiopresidenteibanez.cl\/web\/wp-json\/wp\/v2\/posts\/6966\/revisions"}],"wp:featuredmedia":[{"embeddable":true,"href":"https:\/\/www.radiopresidenteibanez.cl\/web\/wp-json\/wp\/v2\/media\/3008"}],"wp:attachment":[{"href":"https:\/\/www.radiopresidenteibanez.cl\/web\/wp-json\/wp\/v2\/media?parent=6966"}],"wp:term":[{"taxonomy":"category","embeddable":true,"href":"https:\/\/www.radiopresidenteibanez.cl\/web\/wp-json\/wp\/v2\/categories?post=6966"},{"taxonomy":"post_tag","embeddable":true,"href":"https:\/\/www.radiopresidenteibanez.cl\/web\/wp-json\/wp\/v2\/tags?post=6966"}],"curies":[{"name":"wp","href":"https:\/\/api.w.org\/{rel}","templated":true}]}}