{"id":6963,"date":"2019-09-10T20:39:54","date_gmt":"2019-09-10T20:39:54","guid":{"rendered":"http:\/\/www.radiopresidenteibanez.cl\/web\/?p=6963"},"modified":"2019-09-10T20:39:59","modified_gmt":"2019-09-10T20:39:59","slug":"core-aprobo-3-615-millones-para-transferencia-de-recursos-y-capacitacion-a-emprendedores-y-microempresarios-de-magallanes","status":"publish","type":"post","link":"https:\/\/www.radiopresidenteibanez.cl\/web\/core-aprobo-3-615-millones-para-transferencia-de-recursos-y-capacitacion-a-emprendedores-y-microempresarios-de-magallanes\/","title":{"rendered":"CORE APROB\u00d3 3.615 MILLONES PARA TRANSFERENCIA DE RECURSOS Y CAPACITACI\u00d3N A EMPRENDEDORES Y MICROEMPRESARIOS DE MAGALLANES"},"content":{"rendered":"\n<p>Por mayor\u00eda de votos el Consejo\nRegional de Magallanes y de la Ant\u00e1rtica Chilena sancion\u00f3 favorablemente 3.615\nmillones 365 mil pesos con cargo al Fondo de Desarrollo de Magallanes, FONDEMA\n2019-2020 para el programa \u201cTransferencia Recursos y Capacitaci\u00f3n a los\nEmprendedores y MIPES de la Regi\u00f3n de Magallanes\u201d.<\/p>\n\n\n\n<p>Seg\u00fan lo informado en el\ntrabajo de la comisi\u00f3n Presupuesto, la iniciativa viene a dar continuidad al\nprograma iniciado el a\u00f1o 2016 bajo el alero del Convenio de Programaci\u00f3n entre\nel Gobierno Regional y el ministerio de Econom\u00eda y entre sus objetivos esta elevar\nla productividad y competitividad de los emprendedores facilitando el acceso a competencias\ny financiamiento para el desarrollo de negocios, &nbsp;permitir y &nbsp;dar continuidad al trabajo de los centro de negocios\nestablecidos en Porvenir y Cabo de Hornos, fortalecer el programa Barrios Comerciales,\ngenerar pol\u00edticas de apoyo al comercio minorista, fortalecer el comercio\ndetallista a trav\u00e9s de cursos seminarios y encuentros, apoyar al comercio itinerante\ny el emprendimiento joven promoviendo la creaci\u00f3n de nuevos negocios y\ndesarrollando actividades para aumentar sus competencias y capacidades en torno\na una correcta puesta en marcha.<\/p>\n\n\n\n<p>El presidente de Presupuesto,\nRam\u00f3n Lobos, tras emitir un voto desfavorable manifest\u00f3 que se trata de un\nexcelente proyecto con positivo impacto en el desarrollo de microempresas y la\neconom\u00eda regional&nbsp; \u201cno obstante existen\ndudas respecto a la distribuci\u00f3n de los recursos Fondema ya que la ley exige un\ncierto porcentaje para cada provincia de acuerdo a la importancia en la\nproducci\u00f3n de hidrocarburos y esta salvedad hace que seamos cuidadosos y\naclaremos si este porcentaje es a\u00f1o a a\u00f1o o por periodo presidencial o\nconsidera la ejecuci\u00f3n hist\u00f3rica o es asignable a cada proyecto\u2026por tanto es\nnecesaria una repuesta de Contralor\u00eda para saber si estamos obrando en derecho\no debemos hacer los ajustes que correspondan\u201d. <\/p>\n\n\n\n<p>Por su parte del consejero de\nla provincia Ant\u00e1rtica, Rodolfo Moncada, voto a favor de esta iniciativa\nargumentando que \u201cconstituye un importante apoyo a las peque\u00f1as y medianas\nempresas que dan trabajo y muchas veces se transforman en el \u00fanico de sustento\nde las familias. Este programa se enfoca en las peque\u00f1as empresas a fin de lograr\nque crezcan y se desarrollen y si bien es pertinente efectuar la consulta\nrespecto al Fondema no es menos cierto que debemos apoyar a las empresas\npeque\u00f1as y sobre todos aquellas que se encuentran asiladas y en localidad\npeque\u00f1as\u201d, afirm\u00f3. <\/p>\n\n\n\n<p>Finalmente el consejero de\nTierra del Fuego, Andr\u00e9s L\u00f3pez, coment\u00f3 que su voto desfavorable no se debe a\nla iniciativa en cuesti\u00f3n ya que la considera relevante sino que responde a \u201cun\ndesmedro de la provincia a la cual represento ya que el programa no especifica ni\nse condice con el 25%, que de acuerdo a la ley que regula el FONDEMA, corresponder\u00eda\na Tierra del Fuego. No lo veo reflejado ya que ser\u00edan 900 millones de pesos para\nla microempresa y emprendedores de la provincia\u201d, aclar\u00f3. <\/p>\n\n\n\n<p>El consejero L\u00f3pez solicitar\u00e1 v\u00eda\noficio informaci\u00f3n a la Contralor\u00eda General de la Rep\u00fablica a fin de que se pronuncie\nrespecto a lo que dicta la ley en cuanto a la correcta distribuci\u00f3n de los\nrecursos FONDEMA en Magallanes. <\/p>\n\n\n\n<p>Cabe se\u00f1alar que en la\noportunidad Sercotec Magallanes present\u00f3 una segunda iniciativa denominada \u201cTransferencia\nRecursos de Fomento a MYPES del Sector Pesca Artesanal y Acuicultura,\nMagallanes\u201d por un monto de 1.824 millones 635 mil pesos, la cual no cont\u00f3 con\nel respaldo del \u00d3rgano Colegiado que por mayor\u00eda de votos no aprob\u00f3 el\nfinanciamiento. Seg\u00fan lo expresado en el trabajo de comisi\u00f3n los Consejeros\nesperen aclarar dudas y contar con mayor informaci\u00f3n, asimismo reunirse con los\norganismos involucrados. <\/p>\n","protected":false},"excerpt":{"rendered":"<p>Por mayor\u00eda de votos el Consejo Regional de Magallanes y de la Ant\u00e1rtica Chilena sancion\u00f3 favorablemente 3.615 millones 365 mil pesos con cargo al Fondo de Desarrollo de Magallanes, FONDEMA&#8230; <a class=\"read-more\" href=\"https:\/\/www.radiopresidenteibanez.cl\/web\/core-aprobo-3-615-millones-para-transferencia-de-recursos-y-capacitacion-a-emprendedores-y-microempresarios-de-magallanes\/\">Leer m\u00e1s<\/a><\/p>\n","protected":false},"author":2,"featured_media":6964,"comment_status":"closed","ping_status":"closed","sticky":false,"template":"","format":"standard","meta":{"footnotes":""},"categories":[1],"tags":[],"class_list":["post-6963","post","type-post","status-publish","format-standard","has-post-thumbnail","hentry","category-cronica"],"_links":{"self":[{"href":"https:\/\/www.radiopresidenteibanez.cl\/web\/wp-json\/wp\/v2\/posts\/6963","targetHints":{"allow":["GET"]}}],"collection":[{"href":"https:\/\/www.radiopresidenteibanez.cl\/web\/wp-json\/wp\/v2\/posts"}],"about":[{"href":"https:\/\/www.radiopresidenteibanez.cl\/web\/wp-json\/wp\/v2\/types\/post"}],"author":[{"embeddable":true,"href":"https:\/\/www.radiopresidenteibanez.cl\/web\/wp-json\/wp\/v2\/users\/2"}],"replies":[{"embeddable":true,"href":"https:\/\/www.radiopresidenteibanez.cl\/web\/wp-json\/wp\/v2\/comments?post=6963"}],"version-history":[{"count":0,"href":"https:\/\/www.radiopresidenteibanez.cl\/web\/wp-json\/wp\/v2\/posts\/6963\/revisions"}],"wp:featuredmedia":[{"embeddable":true,"href":"https:\/\/www.radiopresidenteibanez.cl\/web\/wp-json\/wp\/v2\/media\/6964"}],"wp:attachment":[{"href":"https:\/\/www.radiopresidenteibanez.cl\/web\/wp-json\/wp\/v2\/media?parent=6963"}],"wp:term":[{"taxonomy":"category","embeddable":true,"href":"https:\/\/www.radiopresidenteibanez.cl\/web\/wp-json\/wp\/v2\/categories?post=6963"},{"taxonomy":"post_tag","embeddable":true,"href":"https:\/\/www.radiopresidenteibanez.cl\/web\/wp-json\/wp\/v2\/tags?post=6963"}],"curies":[{"name":"wp","href":"https:\/\/api.w.org\/{rel}","templated":true}]}}