{"id":6960,"date":"2019-09-10T19:39:20","date_gmt":"2019-09-10T19:39:20","guid":{"rendered":"http:\/\/www.radiopresidenteibanez.cl\/web\/?p=6960"},"modified":"2019-09-10T19:39:26","modified_gmt":"2019-09-10T19:39:26","slug":"ministerios-de-educacion-y-medio-ambiente-invitan-a-estudiantes-de-la-region-a-participar-en-interescolar-ambiental-en-el-marco-de-cop25","status":"publish","type":"post","link":"https:\/\/www.radiopresidenteibanez.cl\/web\/ministerios-de-educacion-y-medio-ambiente-invitan-a-estudiantes-de-la-region-a-participar-en-interescolar-ambiental-en-el-marco-de-cop25\/","title":{"rendered":"MINISTERIOS DE EDUCACI\u00d3N Y MEDIO AMBIENTE INVITAN A ESTUDIANTES DE LA REGI\u00d3N A PARTICIPAR EN INTERESCOLAR AMBIENTAL EN EL MARCO DE #COP25"},"content":{"rendered":"\n<p>Hasta la Escuela Villa Las Nieves en Punta Arenas, se traslad\u00f3 nuestra Seremi de Educaci\u00f3n Beatriz S\u00e1nchez Ca\u00f1ete, para lanzar oficialmente el&nbsp;<strong>Interescolar Medioambiental<\/strong>, iniciativa desarrollada por el Ministerio de Educaci\u00f3n,&nbsp;Kyklos&nbsp;y el Ministerio del Medio&nbsp;Ambiente, en el marco de la Agenda Ciudadana de la&nbsp;COP25.&nbsp;<\/p>\n\n\n\n<p>El principal objetivo del&nbsp;Interescolar&nbsp;Ambiental&nbsp;2019 es educar, sensibilizar y movilizar a los ni\u00f1os, j\u00f3venes y a&nbsp;la ciudadan\u00eda con una cobertura nacional. \u201cEl cuidado del medio ambiente es un deber y como Mineduc estamos enfocados en contribuir a esta causa. Para lograrlo, los estudiantes de Chile son clave y por eso estamos fomentando el desarrollo de buenas pr\u00e1cticas desde el aula y en conjunto con las comunidades escolares\u201d, se\u00f1al\u00f3 la Ministra de Educaci\u00f3n, Marcela Cubillos, al destacar la iniciativa.<\/p>\n\n\n\n<p>Su par en Magallanes, conoci\u00f3 el trabajo medioambiental que lleva a cabo el grupo de \u201cForjadores Ambientales\u201d de la Escuela de Villa las Nieves, estudiantes que desarrollan diversas actividades aportando al cuidado del mediambiente. En la visita, la autoridad recorri\u00f3 los 2 viveros instalados en la escuela, trabajo que ha permitido cultivar diversos productos como lechugas, papas, ruibarbo, hierbas medicinales, y elaborar compost a base de desechos org\u00e1nicos que se producen en el mismo establecimiento y que sirve de abono para la plantaci\u00f3n.<\/p>\n\n\n\n<p>La Escuela Villa Las Nieves es uno de los establecimientos pioneros en el trabajo medioambiental con sus alumnos. Desde el a\u00f1o 2004 pertenecen al Sistema Nacional de Certificaci\u00f3n Ambiental de Establecimientos Educacionales (SNCAE). Su Director Jorge Cabezas destac\u00f3 el compromiso de los 25 ni\u00f1os que componen el grupo de Forjadores Ambientales, trabajo que est\u00e1 inserto en el proyecto educativo, lo que tambi\u00e9n se ha traspasado a los apoderados que tambi\u00e9n se han involucrado activamente en estas acciones.<\/p>\n\n\n\n<p>Junto a los Forjadores Ambientales, la Seremi de educaci\u00f3n invit\u00f3 a los estudiantes de la regi\u00f3n para&nbsp;ser parte de este desaf\u00edo impulsado por el Ministerio de Educaci\u00f3n y que se posiciona como la actividad principal para j\u00f3venes en la Agenda Ciudadana de la Conferencia de las Naciones Unidas sobre el Cambio Clim\u00e1tico 2019.<\/p>\n\n\n\n<p>\u201cEsta iniciativa es para que todos los ni\u00f1os y ni\u00f1as participen, porque son nuestros principales agentes de cambio, ellos son quienes de verdad entienden y dimensionan la urgencia de enfrentar el cambio clim\u00e1tico con actividades concretas como la observada hoy en esta Escuela, que cuidan el medio ambiente, que reutilizan y act\u00faan con consciencia. Han participado limpiando nuestras playas, recolectando implementos electr\u00f3nicos y reutilizan, lo que es un claro ejemplo que todos deber\u00edamos seguir\u201d, dijo la autoridad al evaluar el trabajo realizado por los Forjadores Ambientales del establecimiento, recorrido que incluy\u00f3 al Director Jorge Cabezas.<\/p>\n\n\n\n<p><strong>Interescolar Medioambiental<\/strong><\/p>\n\n\n\n<p>El Interescolar Ambiental cuenta con 30 actividades diferentes, algunas de ellas son:<\/p>\n\n\n\n<ul class=\"wp-block-list\"><li>Recrear el mundo y el medioambiente en el que vivir\u00e1n en 30 a\u00f1os m\u00e1s para observar su percepci\u00f3n sobre el cambio clim\u00e1tico. (Chile cuenta con 7 de las 9 condiciones de vulnerabilidad definidas por la ONU, lo que nos sit\u00faa entre las 10 naciones m\u00e1s afectadas por este fen\u00f3meno.)<\/li><\/ul>\n\n\n\n<ul class=\"wp-block-list\"><li>Crear una investigaci\u00f3n y construir un espacio de divulgaci\u00f3n escolar cient\u00edfica donde se compartan los resultados con la comunidad escolar. (En Chile actualmente se gestiona el 12,5% de los envases y embalajes generados y para 2030 la meta es llegar al 60%, o sea, quintuplicar las tasas de reciclaje de estos materiales.)<\/li><\/ul>\n\n\n\n<ul class=\"wp-block-list\"><li>Reunir basureros del establecimiento para volcarlos en un lugar visible del patio. La idea es que sus compa\u00f1eros entiendan la cantidad de basura que producen y cu\u00e1nto de ello se puede separar y reciclar. Esta actividad se realizar\u00e1 durante un recreo. (En Chile se generan m\u00e1s de 7,5 millones de toneladas de residuos s\u00f3lidos domiciliarios anuales, de los cuales s\u00f3lo se recicla el 4%.)<\/li><\/ul>\n\n\n\n<p>Para participar en esta iniciativa, los estudiantes deben inscribirse en&nbsp;<strong><a href=\"http:\/\/www.interescolarambiental.cl\/\" target=\"_blank\" rel=\"noreferrer noopener\">www.Interescolarambiental.cl<\/a><\/strong>&nbsp; o bajar desde Android&nbsp;e&nbsp;iOS la&nbsp;aplicaci\u00f3n \u201cInterescolar&nbsp;Ambiental\u201d. En ambas plataformas estar\u00e1n publicados los avances de los establecimientos inscritos en el desarrollo de 30 actividades de educaci\u00f3n&nbsp;ambiental.<\/p>\n\n\n\n<p>Si bien la convocatoria del Interescolar Ambiental est\u00e1 dirigida a alumnos de 1\u00b0 b\u00e1sico a 4to medio y a sus profesores, aquellos docentes de jardines infantiles, escuelas para ni\u00f1os con Necesidades Educativas Especiales (NEE) o similares que quieran participar, podr\u00e1n hacerlo, adaptando las actividades a su propio nivel educativo. Esta versi\u00f3n espera contar con la participaci\u00f3n de m\u00e1s de 500 establecimientos educacionales del pa\u00eds<\/p>\n\n\n\n<p>Cada vez que los colegios participantes completen una actividad, obtendr\u00e1n puntos de acci\u00f3n medioambiental, con lo que podr\u00e1n avanzar en su posici\u00f3n en la categor\u00eda \u201ccompromiso\u201d. Mensualmente se detacar\u00e1 en las redes sociales de Kyklos y del Ministerio de Educaci\u00f3n, a cinco establecimientos educacionales del pa\u00eds, los que estar\u00e1n divididos por zona: Norte, Centro norte, Centro sur y Sur.&nbsp;&nbsp;<\/p>\n\n\n\n<p>Los establecimientos que m\u00e1s se destaquen durante este semestre ser\u00e1n invitados a participar en las actividades que Kyklos y Mineduc realizar\u00e1n de forma conjunta, en la zona verde de COP25, evento que se llevar\u00e1 a cabo entre el 2 y 13 de diciembre.<\/p>\n\n\n\n<p>Los interesados deben ingresar a&nbsp;<a href=\"http:\/\/www.interescolarambiental.cl\/\" target=\"_blank\" rel=\"noreferrer noopener\">www.interescolarambiental.cl<\/a>&nbsp;y completar su registro de&nbsp;forma gratuita.&nbsp;Con ello, los inscritos obtienen acceso a la plataforma web y app del&nbsp;Interescolar&nbsp;Ambiental.\u202f&nbsp;<\/p>\n\n\n\n<p>El&nbsp;Interescolar&nbsp;Ambiental&nbsp;se desarrollar\u00e1&nbsp;entre&nbsp;el 6 de septiembre&nbsp;y&nbsp;el&nbsp;<strong>22 de noviembre.<\/strong>&nbsp;Durante este tiempo, la p\u00e1gina destacar\u00e1 de forma mensual a los establecimientos que tengan un desempe\u00f1o sobresaliente, ya sea promoviendo la participaci\u00f3n y\/o mostrando compromiso con las actividades.&nbsp;&nbsp;<\/p>\n","protected":false},"excerpt":{"rendered":"<p>Hasta la Escuela Villa Las Nieves en Punta Arenas, se traslad\u00f3 nuestra Seremi de Educaci\u00f3n Beatriz S\u00e1nchez Ca\u00f1ete, para lanzar oficialmente el&nbsp;Interescolar Medioambiental, iniciativa desarrollada por el Ministerio de Educaci\u00f3n,&nbsp;Kyklos&nbsp;y&#8230; <a class=\"read-more\" href=\"https:\/\/www.radiopresidenteibanez.cl\/web\/ministerios-de-educacion-y-medio-ambiente-invitan-a-estudiantes-de-la-region-a-participar-en-interescolar-ambiental-en-el-marco-de-cop25\/\">Leer m\u00e1s<\/a><\/p>\n","protected":false},"author":2,"featured_media":6961,"comment_status":"closed","ping_status":"closed","sticky":false,"template":"","format":"standard","meta":{"footnotes":""},"categories":[1],"tags":[],"class_list":["post-6960","post","type-post","status-publish","format-standard","has-post-thumbnail","hentry","category-cronica"],"_links":{"self":[{"href":"https:\/\/www.radiopresidenteibanez.cl\/web\/wp-json\/wp\/v2\/posts\/6960","targetHints":{"allow":["GET"]}}],"collection":[{"href":"https:\/\/www.radiopresidenteibanez.cl\/web\/wp-json\/wp\/v2\/posts"}],"about":[{"href":"https:\/\/www.radiopresidenteibanez.cl\/web\/wp-json\/wp\/v2\/types\/post"}],"author":[{"embeddable":true,"href":"https:\/\/www.radiopresidenteibanez.cl\/web\/wp-json\/wp\/v2\/users\/2"}],"replies":[{"embeddable":true,"href":"https:\/\/www.radiopresidenteibanez.cl\/web\/wp-json\/wp\/v2\/comments?post=6960"}],"version-history":[{"count":0,"href":"https:\/\/www.radiopresidenteibanez.cl\/web\/wp-json\/wp\/v2\/posts\/6960\/revisions"}],"wp:featuredmedia":[{"embeddable":true,"href":"https:\/\/www.radiopresidenteibanez.cl\/web\/wp-json\/wp\/v2\/media\/6961"}],"wp:attachment":[{"href":"https:\/\/www.radiopresidenteibanez.cl\/web\/wp-json\/wp\/v2\/media?parent=6960"}],"wp:term":[{"taxonomy":"category","embeddable":true,"href":"https:\/\/www.radiopresidenteibanez.cl\/web\/wp-json\/wp\/v2\/categories?post=6960"},{"taxonomy":"post_tag","embeddable":true,"href":"https:\/\/www.radiopresidenteibanez.cl\/web\/wp-json\/wp\/v2\/tags?post=6960"}],"curies":[{"name":"wp","href":"https:\/\/api.w.org\/{rel}","templated":true}]}}