{"id":6954,"date":"2019-09-10T15:42:33","date_gmt":"2019-09-10T15:42:33","guid":{"rendered":"http:\/\/www.radiopresidenteibanez.cl\/web\/?p=6954"},"modified":"2019-09-10T15:42:38","modified_gmt":"2019-09-10T15:42:38","slug":"municipio-entrego-mas-de-2-900-paquetes-de-panales-a-la-union-comunal-de-adultos-mayores","status":"publish","type":"post","link":"https:\/\/www.radiopresidenteibanez.cl\/web\/municipio-entrego-mas-de-2-900-paquetes-de-panales-a-la-union-comunal-de-adultos-mayores\/","title":{"rendered":"MUNICIPIO ENTREG\u00d3 M\u00c1S DE 2.900 PAQUETES DE PA\u00d1ALES A LA UNI\u00d3N COMUNAL DE ADULTOS MAYORES"},"content":{"rendered":"\n<p>Contentos por el trabajo desempe\u00f1ado hacia sus pares se\nmanifestaron los adultos mayores de las alianzas Roja y Amarilla, que\nparticiparon de la bailet\u00f3n \u201cLos que pasaron agosto\u201d, instancia organizada cada\na\u00f1o desde el Municipio de Punta Arenas, que en esta oportunidad ten\u00eda por\nobjetivo reunir pa\u00f1ales para los adultos mayores que m\u00e1s lo necesitaran.<\/p>\n\n\n\n<p>Durante el proceso, que se extendi\u00f3 por un mes, los\nparticipantes lograron recaudar 2.924 paquetes de pa\u00f1ales, lo que se tradujo en\n23.406 unidades, donadas por diversas empresas e instituciones.<\/p>\n\n\n\n<p>Durante la jornada del lunes, el alcalde de Punta Arenas,\nClaudio Radonich, junto a los reyes de las alianzas y la concejal, Alicia\nStipicic, hicieron entrega de los pa\u00f1ales a los representantes de la Uni\u00f3n\nComunal de Adultos Mayores (Ucam), donaci\u00f3n que fue recibida por su presidenta,\nRosa Hern\u00e1ndez Klaus.<\/p>\n\n\n\n<p>De esta manera, la recaudaci\u00f3n ser\u00e1 entregada a aquellos\nmayores que m\u00e1s lo necesiten o que se encuentren postrados.<\/p>\n","protected":false},"excerpt":{"rendered":"<p>Contentos por el trabajo desempe\u00f1ado hacia sus pares se manifestaron los adultos mayores de las alianzas Roja y Amarilla, que participaron de la bailet\u00f3n \u201cLos que pasaron agosto\u201d, instancia organizada&#8230; <a class=\"read-more\" href=\"https:\/\/www.radiopresidenteibanez.cl\/web\/municipio-entrego-mas-de-2-900-paquetes-de-panales-a-la-union-comunal-de-adultos-mayores\/\">Leer m\u00e1s<\/a><\/p>\n","protected":false},"author":2,"featured_media":6955,"comment_status":"closed","ping_status":"closed","sticky":false,"template":"","format":"standard","meta":{"footnotes":""},"categories":[1],"tags":[],"class_list":["post-6954","post","type-post","status-publish","format-standard","has-post-thumbnail","hentry","category-cronica"],"_links":{"self":[{"href":"https:\/\/www.radiopresidenteibanez.cl\/web\/wp-json\/wp\/v2\/posts\/6954","targetHints":{"allow":["GET"]}}],"collection":[{"href":"https:\/\/www.radiopresidenteibanez.cl\/web\/wp-json\/wp\/v2\/posts"}],"about":[{"href":"https:\/\/www.radiopresidenteibanez.cl\/web\/wp-json\/wp\/v2\/types\/post"}],"author":[{"embeddable":true,"href":"https:\/\/www.radiopresidenteibanez.cl\/web\/wp-json\/wp\/v2\/users\/2"}],"replies":[{"embeddable":true,"href":"https:\/\/www.radiopresidenteibanez.cl\/web\/wp-json\/wp\/v2\/comments?post=6954"}],"version-history":[{"count":0,"href":"https:\/\/www.radiopresidenteibanez.cl\/web\/wp-json\/wp\/v2\/posts\/6954\/revisions"}],"wp:featuredmedia":[{"embeddable":true,"href":"https:\/\/www.radiopresidenteibanez.cl\/web\/wp-json\/wp\/v2\/media\/6955"}],"wp:attachment":[{"href":"https:\/\/www.radiopresidenteibanez.cl\/web\/wp-json\/wp\/v2\/media?parent=6954"}],"wp:term":[{"taxonomy":"category","embeddable":true,"href":"https:\/\/www.radiopresidenteibanez.cl\/web\/wp-json\/wp\/v2\/categories?post=6954"},{"taxonomy":"post_tag","embeddable":true,"href":"https:\/\/www.radiopresidenteibanez.cl\/web\/wp-json\/wp\/v2\/tags?post=6954"}],"curies":[{"name":"wp","href":"https:\/\/api.w.org\/{rel}","templated":true}]}}