{"id":6948,"date":"2019-09-10T15:35:55","date_gmt":"2019-09-10T15:35:55","guid":{"rendered":"http:\/\/www.radiopresidenteibanez.cl\/web\/?p=6948"},"modified":"2019-09-10T15:36:02","modified_gmt":"2019-09-10T15:36:02","slug":"forjadores-medioambientales-de-la-escuela-santiago-bueras-conocieron-la-agenda-ciudadana-cop-25","status":"publish","type":"post","link":"https:\/\/www.radiopresidenteibanez.cl\/web\/forjadores-medioambientales-de-la-escuela-santiago-bueras-conocieron-la-agenda-ciudadana-cop-25\/","title":{"rendered":"FORJADORES MEDIOAMBIENTALES DE LA ESCUELA SANTIAGO BUERAS CONOCIERON LA AGENDA CIUDADANA COP 25"},"content":{"rendered":"\n<p>El pasado lunes 2 de septiembre, el\nPresidente Sebasti\u00e1n Pi\u00f1era, present\u00f3 la agenda ciudadana de la Conferencia de\nlas Partes de Naciones Unidas (COP) 25, agenda que busca educar, sensibilizar y\nmovilizar a las personas en todo Chile y se desplegar\u00e1 con jornadas masivas de\nfestivales familiares de innovaci\u00f3n social ambiental, invitando a actuar y ser\nparte del cambio en diversos \u00e1mbitos, culminando con la cumbre m\u00e1s importante a\nnivel mundial, que se realizar\u00e1 en Santiago durante el mes de noviembre .<\/p>\n\n\n\n<p>Por motivo de esto, la Gobernadora de\n\u00daltima Esperanza, Ana Mayorga Bahamonde, se traslad\u00f3 hasta la Escuela Santiago\nBueras para visitar a los forjadores ambientales (equipo compuesto por alumnos\nde dicho establecimiento) con el objetivo de dar a conocer a los menores m\u00e1s\ninformaci\u00f3n sobre la agenda COP 25 y c\u00f3mo esta se llevar\u00e1 a cabo en la\nprovincia.<\/p>\n\n\n\n<p>\u201cHemos elegido a la Escuela Coronel\nSantiago Bueras, que tiene forjadores medioambientales muy activos en\niniciativas con relaci\u00f3n al cuidado del planeta y su naturaleza, para dar a\nconocer esta agenda ciudadana COP 25. Es motivo de orgullo para nuestra\nprovincia ver como estos j\u00f3venes se preocupan de reciclar y ense\u00f1ar a sus\ncompa\u00f1eros y familiares sobre esta tem\u00e1tica. Gracias a este trabajo, ellos han\nsido seleccionados para participar de un Seminario que se realizar\u00e1 en Punta\nArena en el marco de las actividades del COP 25. En los ni\u00f1os est\u00e1 el cambio y\nellos son un claro ejemplo de esto\u201d, indic\u00f3 la Gobernadora.<\/p>\n\n\n\n<p>En la visita, la m\u00e1xima autoridad\nprovincial, pudo presenciar los trabajos realizados por los forjadores, entre\nlos que destacaban: jabones, llaveros, eco ladrillos y asientos reciclables,\nhechos de neum\u00e1ticos y materiales reutilizables. Sof\u00eda Vidal, forjadora del\nquinto b\u00e1sico de la escuela entrego m\u00e1s detalles de los proyectos se\u00f1alando que\n\u201clo que tengo en mis manos es un llavero de papel reciclado, hecho con papeles\nreciclados por los alumnos. Luego pusimos estos papeles en la licuadora con un\npoco de agua y pegamento, lo que genera una pasta moldeable que nos permite\ncrear estos llaveros. Proyectos como estos los replico en mi casa y se los\nense\u00f1o a mi familia\u201d, dijo la entusiasta forjadora. <\/p>\n\n\n\n<p>Finalmente, la encarda de los\nforjadores medioambientales de la Escuela Santiago Bueras, Claudia Almonacid,\ncont\u00f3 que \u201ceste grupo de forjadores medioambientales naci\u00f3 hace 3 a\u00f1os y consta\nde 3 grupos (1 de primer ciclo y 2 de segundo ciclo), se cre\u00f3 con la finalidad\nde ense\u00f1ar a los ni\u00f1os el cuidado y la protecci\u00f3n del medio ambiente. Cada\ngrupo tiene un lineamiento distinto, algunos grupos trabajan la reutilizaci\u00f3n,\notros el reciclaje, otros biodiversidad y otro grupo encargado de la\nrecolecci\u00f3n de las tapas y botellas pl\u00e1sticas para el reciclaje\u201d, concluy\u00f3.<\/p>\n\n\n\n<p>Las actividades enmarcadas en la\nagenda ciudadana COP 25 comenzar\u00e1n este martes 10 de septiembre en nuestra\nprovincia, con la realizaci\u00f3n del \u201cTaller de Cambio Clim\u00e1tico para\ncomunicadores y educadores\u201d y el Seminario \u201cCambio clim\u00e1tico, biodiversidad y\nt\u00fa\u2026\u201d, este \u00faltimo estar\u00e1 dirigido a toda la comunidad y se realizar\u00e1 en la\nBiblioteca P\u00fablica de Natales, a partir de las 10:30 horas. Ambos eventos\ncontar\u00e1n con la presencia del seremi de Medio Ambiente, Eduardo Schiappacasse. <\/p>\n","protected":false},"excerpt":{"rendered":"<p>El pasado lunes 2 de septiembre, el Presidente Sebasti\u00e1n Pi\u00f1era, present\u00f3 la agenda ciudadana de la Conferencia de las Partes de Naciones Unidas (COP) 25, agenda que busca educar, sensibilizar&#8230; <a class=\"read-more\" href=\"https:\/\/www.radiopresidenteibanez.cl\/web\/forjadores-medioambientales-de-la-escuela-santiago-bueras-conocieron-la-agenda-ciudadana-cop-25\/\">Leer m\u00e1s<\/a><\/p>\n","protected":false},"author":2,"featured_media":6949,"comment_status":"closed","ping_status":"closed","sticky":false,"template":"","format":"standard","meta":{"footnotes":""},"categories":[1],"tags":[],"class_list":["post-6948","post","type-post","status-publish","format-standard","has-post-thumbnail","hentry","category-cronica"],"_links":{"self":[{"href":"https:\/\/www.radiopresidenteibanez.cl\/web\/wp-json\/wp\/v2\/posts\/6948","targetHints":{"allow":["GET"]}}],"collection":[{"href":"https:\/\/www.radiopresidenteibanez.cl\/web\/wp-json\/wp\/v2\/posts"}],"about":[{"href":"https:\/\/www.radiopresidenteibanez.cl\/web\/wp-json\/wp\/v2\/types\/post"}],"author":[{"embeddable":true,"href":"https:\/\/www.radiopresidenteibanez.cl\/web\/wp-json\/wp\/v2\/users\/2"}],"replies":[{"embeddable":true,"href":"https:\/\/www.radiopresidenteibanez.cl\/web\/wp-json\/wp\/v2\/comments?post=6948"}],"version-history":[{"count":0,"href":"https:\/\/www.radiopresidenteibanez.cl\/web\/wp-json\/wp\/v2\/posts\/6948\/revisions"}],"wp:featuredmedia":[{"embeddable":true,"href":"https:\/\/www.radiopresidenteibanez.cl\/web\/wp-json\/wp\/v2\/media\/6949"}],"wp:attachment":[{"href":"https:\/\/www.radiopresidenteibanez.cl\/web\/wp-json\/wp\/v2\/media?parent=6948"}],"wp:term":[{"taxonomy":"category","embeddable":true,"href":"https:\/\/www.radiopresidenteibanez.cl\/web\/wp-json\/wp\/v2\/categories?post=6948"},{"taxonomy":"post_tag","embeddable":true,"href":"https:\/\/www.radiopresidenteibanez.cl\/web\/wp-json\/wp\/v2\/tags?post=6948"}],"curies":[{"name":"wp","href":"https:\/\/api.w.org\/{rel}","templated":true}]}}