{"id":6929,"date":"2019-09-10T15:14:29","date_gmt":"2019-09-10T15:14:29","guid":{"rendered":"http:\/\/www.radiopresidenteibanez.cl\/web\/?p=6929"},"modified":"2019-09-10T15:14:35","modified_gmt":"2019-09-10T15:14:35","slug":"minvu-anuncia-la-construccion-de-600-nuevas-viviendas-en-punta-arenas-como-parte-del-plan-de-reactivacion-economica","status":"publish","type":"post","link":"https:\/\/www.radiopresidenteibanez.cl\/web\/minvu-anuncia-la-construccion-de-600-nuevas-viviendas-en-punta-arenas-como-parte-del-plan-de-reactivacion-economica\/","title":{"rendered":"MINVU ANUNCIA LA CONSTRUCCI\u00d3N DE 600 NUEVAS VIVIENDAS EN PUNTA ARENAS COMO PARTE DEL PLAN DE REACTIVACI\u00d3N ECON\u00d3MICA"},"content":{"rendered":"\n<p><strong>\u201c<\/strong>Estamos aqu\u00ed para darle una buena noticia a la comunidad magall\u00e1nica y a las personas que est\u00e1n postulando a una vivienda, porque gracias al programa de reactivaci\u00f3n econ\u00f3mica que lanz\u00f3 el gobierno del Presidente Pi\u00f1era, hoy podemos anunciar nuevas 600 casas en Punta Arenas\u201d. Con esas declaraciones, el intendente de la Regi\u00f3n de Magallanes y de la Ant\u00e1rtica Chilena, Jos\u00e9 Fern\u00e1ndez D\u00fcbrock, acompa\u00f1ado de los seremis de Vivienda y Urbanismo, Jos\u00e9 Miguel Horcos; de Hacienda, Lil Garc\u00e9s y del director regional del Serviu, Dubalio P\u00e9rez, anunciaba la construcci\u00f3n de dos loteos habitacionales&nbsp; de Integraci\u00f3n Social y Territorial en el sector norponiente de Punta Arenas.<\/p>\n\n\n\n<p>En esta misma l\u00ednea y bajo el contexto de reactivar la econom\u00eda mediante la construcci\u00f3n, es que en Magallanes se destinar\u00e1n $7.800 millones de pesos adicionales al presupuesto para los loteos General del Canto 2 y 3 en la capital regional. Cabe resaltar, que ese sector de Punta Arenas ya comenz\u00f3 a transformarse en residencial, ya que al lado de estos loteos se encuentra el proyecto General del Canto 1 (300 viviendas), que comenz\u00f3 hace pocas semanas su construcci\u00f3n. Es decir, para 2021 se espera que en ese sector de la ciudad est\u00e9n culminadas 900 viviendas, que en su totalidad involucran $35 mil millones de pesos de inversi\u00f3n.<\/p>\n\n\n\n<p>Para el seremi de Vivienda y Urbanismo, Jos\u00e9 Miguel Horcos, \u201ceste anuncio es muy importante porque la actividad econ\u00f3mica se afirma con la construcci\u00f3n, hay nuevos puestos de trabajo y esta es la preocupaci\u00f3n que tenemos como cartera. Hoy con satisfacci\u00f3n estamos anunciando estas nuevas viviendas, ya que son $7800 millones de pesos que se invierten a trav\u00e9s del Minvu en la aplicaci\u00f3n de subsidios. Cabe resaltar que esto se inserta en la meta que tenemos como gobierno de construir al menos 4.100 viviendas, que al paso que vamos, cumpliremos sobre manera la meta establecida\u201d.<\/p>\n\n\n\n<p>A su vez, la seremi de Hacienda, Lil Garc\u00e9s, se\u00f1al\u00f3 que la agenda de reactivaci\u00f3n econ\u00f3mica si bien busca una movilidad econ\u00f3mica a nivel nacional, tambi\u00e9n busca \u201cir con los ejes que ha puesto el Presidente Pi\u00f1era que es mejorar la calidad de vida de los chilenos. Es una inversi\u00f3n que apunta a no solo dar una vivienda digna, sino que igualmente da sentido de pertenencia. Estamos contentos de que esta agenda atienda las demandas de los habitantes de la regi\u00f3n\u201d.<\/p>\n\n\n\n<p><em>Las caracter\u00edsticas<\/em><\/p>\n\n\n\n<p>El proyecto contempla 5 tipolog\u00edas de vivienda, que van desde los 50,24 mt2 con dos dormitorios y un ba\u00f1o, hasta los 66,57 mt2 con dos ba\u00f1os. Igualmente, en cada loteo se contemplan 75 viviendas para clase vulnerable y 225 para sectores medios emergentes.<\/p>\n\n\n\n<p>Cada vivienda incorpora sistema de ventilaci\u00f3n pasiva; tiene \u00e1reas verdes con zonas de acondicionamiento f\u00edsico, ciclov\u00edas, multicancha y juegos infantiles; como tambi\u00e9n cada loteo tendr\u00e1 6 locales comerciales.&nbsp;<\/p>\n","protected":false},"excerpt":{"rendered":"<p>\u201cEstamos aqu\u00ed para darle una buena noticia a la comunidad magall\u00e1nica y a las personas que est\u00e1n postulando a una vivienda, porque gracias al programa de reactivaci\u00f3n econ\u00f3mica que lanz\u00f3&#8230; <a class=\"read-more\" href=\"https:\/\/www.radiopresidenteibanez.cl\/web\/minvu-anuncia-la-construccion-de-600-nuevas-viviendas-en-punta-arenas-como-parte-del-plan-de-reactivacion-economica\/\">Leer m\u00e1s<\/a><\/p>\n","protected":false},"author":2,"featured_media":6930,"comment_status":"closed","ping_status":"closed","sticky":false,"template":"","format":"standard","meta":{"footnotes":""},"categories":[1],"tags":[],"class_list":["post-6929","post","type-post","status-publish","format-standard","has-post-thumbnail","hentry","category-cronica"],"_links":{"self":[{"href":"https:\/\/www.radiopresidenteibanez.cl\/web\/wp-json\/wp\/v2\/posts\/6929","targetHints":{"allow":["GET"]}}],"collection":[{"href":"https:\/\/www.radiopresidenteibanez.cl\/web\/wp-json\/wp\/v2\/posts"}],"about":[{"href":"https:\/\/www.radiopresidenteibanez.cl\/web\/wp-json\/wp\/v2\/types\/post"}],"author":[{"embeddable":true,"href":"https:\/\/www.radiopresidenteibanez.cl\/web\/wp-json\/wp\/v2\/users\/2"}],"replies":[{"embeddable":true,"href":"https:\/\/www.radiopresidenteibanez.cl\/web\/wp-json\/wp\/v2\/comments?post=6929"}],"version-history":[{"count":0,"href":"https:\/\/www.radiopresidenteibanez.cl\/web\/wp-json\/wp\/v2\/posts\/6929\/revisions"}],"wp:featuredmedia":[{"embeddable":true,"href":"https:\/\/www.radiopresidenteibanez.cl\/web\/wp-json\/wp\/v2\/media\/6930"}],"wp:attachment":[{"href":"https:\/\/www.radiopresidenteibanez.cl\/web\/wp-json\/wp\/v2\/media?parent=6929"}],"wp:term":[{"taxonomy":"category","embeddable":true,"href":"https:\/\/www.radiopresidenteibanez.cl\/web\/wp-json\/wp\/v2\/categories?post=6929"},{"taxonomy":"post_tag","embeddable":true,"href":"https:\/\/www.radiopresidenteibanez.cl\/web\/wp-json\/wp\/v2\/tags?post=6929"}],"curies":[{"name":"wp","href":"https:\/\/api.w.org\/{rel}","templated":true}]}}