{"id":6926,"date":"2019-09-10T15:09:15","date_gmt":"2019-09-10T15:09:15","guid":{"rendered":"http:\/\/www.radiopresidenteibanez.cl\/web\/?p=6926"},"modified":"2019-09-10T15:09:21","modified_gmt":"2019-09-10T15:09:21","slug":"gabriel-vega-asesor-del-area-de-salud-de-la-cormupa-renuncio-a-su-cargo-luego-de-criticas-en-su-contra","status":"publish","type":"post","link":"https:\/\/www.radiopresidenteibanez.cl\/web\/gabriel-vega-asesor-del-area-de-salud-de-la-cormupa-renuncio-a-su-cargo-luego-de-criticas-en-su-contra\/","title":{"rendered":"GABRIEL VEGA ASESOR DEL \u00c1REA DE SALUD DE LA CORMUPA RENUNCI\u00d3 A SU CARGO, LUEGO DE CRITICAS EN SU CONTRA"},"content":{"rendered":"\n<p>El presidente regional de Renovaci\u00f3n Nacional y asesor en el\n\u00c1rea de Salud de la Corporaci\u00f3n Municipal de Punta Arenas, Gabriel Vega,\npresent\u00f3 su renuncia al cargo antes mencionado, luego de que fuera criticado\npor quitar horas a un kinesi\u00f3logo y entregar el resto de las horas a su pareja.<\/p>\n\n\n\n<p>La renuncia fue aceptada por el alcalde, Claudio Radonich Jim\u00e9nez,\nquien fuera el mismo que le solicitar\u00e1 que dejar\u00e1 su cargo a disposici\u00f3n, cabe\nrecordar que existe una investigaci\u00f3n sumaria que busca aclarar los hechos trascendidos.<\/p>\n","protected":false},"excerpt":{"rendered":"<p>El presidente regional de Renovaci\u00f3n Nacional y asesor en el \u00c1rea de Salud de la Corporaci\u00f3n Municipal de Punta Arenas, Gabriel Vega, present\u00f3 su renuncia al cargo antes mencionado, luego&#8230; <a class=\"read-more\" href=\"https:\/\/www.radiopresidenteibanez.cl\/web\/gabriel-vega-asesor-del-area-de-salud-de-la-cormupa-renuncio-a-su-cargo-luego-de-criticas-en-su-contra\/\">Leer m\u00e1s<\/a><\/p>\n","protected":false},"author":2,"featured_media":6927,"comment_status":"closed","ping_status":"closed","sticky":false,"template":"","format":"standard","meta":{"footnotes":""},"categories":[1],"tags":[],"class_list":["post-6926","post","type-post","status-publish","format-standard","has-post-thumbnail","hentry","category-cronica"],"_links":{"self":[{"href":"https:\/\/www.radiopresidenteibanez.cl\/web\/wp-json\/wp\/v2\/posts\/6926","targetHints":{"allow":["GET"]}}],"collection":[{"href":"https:\/\/www.radiopresidenteibanez.cl\/web\/wp-json\/wp\/v2\/posts"}],"about":[{"href":"https:\/\/www.radiopresidenteibanez.cl\/web\/wp-json\/wp\/v2\/types\/post"}],"author":[{"embeddable":true,"href":"https:\/\/www.radiopresidenteibanez.cl\/web\/wp-json\/wp\/v2\/users\/2"}],"replies":[{"embeddable":true,"href":"https:\/\/www.radiopresidenteibanez.cl\/web\/wp-json\/wp\/v2\/comments?post=6926"}],"version-history":[{"count":0,"href":"https:\/\/www.radiopresidenteibanez.cl\/web\/wp-json\/wp\/v2\/posts\/6926\/revisions"}],"wp:featuredmedia":[{"embeddable":true,"href":"https:\/\/www.radiopresidenteibanez.cl\/web\/wp-json\/wp\/v2\/media\/6927"}],"wp:attachment":[{"href":"https:\/\/www.radiopresidenteibanez.cl\/web\/wp-json\/wp\/v2\/media?parent=6926"}],"wp:term":[{"taxonomy":"category","embeddable":true,"href":"https:\/\/www.radiopresidenteibanez.cl\/web\/wp-json\/wp\/v2\/categories?post=6926"},{"taxonomy":"post_tag","embeddable":true,"href":"https:\/\/www.radiopresidenteibanez.cl\/web\/wp-json\/wp\/v2\/tags?post=6926"}],"curies":[{"name":"wp","href":"https:\/\/api.w.org\/{rel}","templated":true}]}}