{"id":6923,"date":"2019-09-10T15:00:10","date_gmt":"2019-09-10T15:00:10","guid":{"rendered":"http:\/\/www.radiopresidenteibanez.cl\/web\/?p=6923"},"modified":"2019-09-10T15:00:17","modified_gmt":"2019-09-10T15:00:17","slug":"explosion-en-monte-aymond-dejo-una-persona-lesionada","status":"publish","type":"post","link":"https:\/\/www.radiopresidenteibanez.cl\/web\/explosion-en-monte-aymond-dejo-una-persona-lesionada\/","title":{"rendered":"EXPLOSI\u00d3N EN MONTE AYMOND DEJ\u00d3 UNA PERSONA LESIONADA"},"content":{"rendered":"\n<p>Hasta el momento se desconoce cual ser\u00eda la causa de la explosi\u00f3n\nocurrida en una vivienda de personal de Aduanas ocurrido en el paso fronterizo\nIntegraci\u00f3n Austral en Monte Aymond, en donde result\u00f3 con quemaduras un\ntrabajador, como bien se dice de desconoce la causa, todo habr\u00eda pasado por una\nexplosi\u00f3n de gas.<\/p>\n\n\n\n<p>El hecho se produjo en horas de la ma\u00f1ana de este martes y\nla explosi\u00f3n habr\u00eda ocurrido en el ba\u00f1o de la vivienda, por lo que el\ntrabajador afectado debi\u00f3 ser trasladado hasta la Cl\u00ednica Magallanes en Punta\nArenas, pero se encuentra estable y sin mayor compromiso, seg\u00fan se inform\u00f3.<\/p>\n\n\n\n<p>Cabe mencionar que el paso fronterizo sigue funcionando de\nmanera normal.<\/p>\n","protected":false},"excerpt":{"rendered":"<p>Hasta el momento se desconoce cual ser\u00eda la causa de la explosi\u00f3n ocurrida en una vivienda de personal de Aduanas ocurrido en el paso fronterizo Integraci\u00f3n Austral en Monte Aymond,&#8230; <a class=\"read-more\" href=\"https:\/\/www.radiopresidenteibanez.cl\/web\/explosion-en-monte-aymond-dejo-una-persona-lesionada\/\">Leer m\u00e1s<\/a><\/p>\n","protected":false},"author":2,"featured_media":6924,"comment_status":"closed","ping_status":"closed","sticky":false,"template":"","format":"standard","meta":{"footnotes":""},"categories":[1],"tags":[],"class_list":["post-6923","post","type-post","status-publish","format-standard","has-post-thumbnail","hentry","category-cronica"],"_links":{"self":[{"href":"https:\/\/www.radiopresidenteibanez.cl\/web\/wp-json\/wp\/v2\/posts\/6923","targetHints":{"allow":["GET"]}}],"collection":[{"href":"https:\/\/www.radiopresidenteibanez.cl\/web\/wp-json\/wp\/v2\/posts"}],"about":[{"href":"https:\/\/www.radiopresidenteibanez.cl\/web\/wp-json\/wp\/v2\/types\/post"}],"author":[{"embeddable":true,"href":"https:\/\/www.radiopresidenteibanez.cl\/web\/wp-json\/wp\/v2\/users\/2"}],"replies":[{"embeddable":true,"href":"https:\/\/www.radiopresidenteibanez.cl\/web\/wp-json\/wp\/v2\/comments?post=6923"}],"version-history":[{"count":0,"href":"https:\/\/www.radiopresidenteibanez.cl\/web\/wp-json\/wp\/v2\/posts\/6923\/revisions"}],"wp:featuredmedia":[{"embeddable":true,"href":"https:\/\/www.radiopresidenteibanez.cl\/web\/wp-json\/wp\/v2\/media\/6924"}],"wp:attachment":[{"href":"https:\/\/www.radiopresidenteibanez.cl\/web\/wp-json\/wp\/v2\/media?parent=6923"}],"wp:term":[{"taxonomy":"category","embeddable":true,"href":"https:\/\/www.radiopresidenteibanez.cl\/web\/wp-json\/wp\/v2\/categories?post=6923"},{"taxonomy":"post_tag","embeddable":true,"href":"https:\/\/www.radiopresidenteibanez.cl\/web\/wp-json\/wp\/v2\/tags?post=6923"}],"curies":[{"name":"wp","href":"https:\/\/api.w.org\/{rel}","templated":true}]}}