{"id":6906,"date":"2019-09-09T14:23:54","date_gmt":"2019-09-09T14:23:54","guid":{"rendered":"http:\/\/www.radiopresidenteibanez.cl\/web\/?p=6906"},"modified":"2019-09-09T14:24:01","modified_gmt":"2019-09-09T14:24:01","slug":"35-puntarenenses-finalizaron-con-exito-taller-intermedio-de-lengua-de-senas","status":"publish","type":"post","link":"https:\/\/www.radiopresidenteibanez.cl\/web\/35-puntarenenses-finalizaron-con-exito-taller-intermedio-de-lengua-de-senas\/","title":{"rendered":"35 PUNTARENENSES FINALIZARON CON \u00c9XITO TALLER INTERMEDIO DE LENGUA DE SE\u00d1AS"},"content":{"rendered":"\n<p>Con el objetivo de crear una sociedad comunal m\u00e1s inclusiva,\nla Unidad de Discapacidad del Municipio de Punta Arenas, dependiente de la\nDirecci\u00f3n de Desarrollo Comunitario (Dideco), organiz\u00f3 un taller intermedio de\nlengua de se\u00f1as, donde participaron 35 adultos, ni\u00f1os y j\u00f3venes, que ya\ncontaban con alg\u00fan conocimiento b\u00e1sico en el \u00e1rea.<\/p>\n\n\n\n<p>\u201cNos ha sorprendido gratamente este a\u00f1o la convocatoria que\nhemos tenido en los talleres b\u00e1sicos, que fueron para ni\u00f1os y adultos, y en\neste taller intermedio. Hoy se nota un cambio en la mentalidad de las personas,\nhay un inter\u00e9s para aprender la lengua de se\u00f1as, hay una concientizaci\u00f3n de lo\nque significa para una persona sorda el no poder comunicarse\u201d, afirm\u00f3 la\nencargada de la Unidad de Discapacidad, Patricia Saldivia.<\/p>\n\n\n\n<p>Los participantes, en tanto, valoraron la instancia que les\npermitir\u00e1 comunicarse con las personas sordas. \u201cTom\u00e9 el primer nivel, el\nb\u00e1sico, y me encant\u00f3, qued\u00e9 fascinada. Y ahora, tom\u00e9 el intermedio, pero\nrealmente estoy muy encantada. (\u2026) Para m\u00ed espectacular, porque yo trabajo en\neducaci\u00f3n y uno siempre tiene la posibilidad de que pueda llegar un ni\u00f1o con\ndificultades. Entonces, estoy feliz, muy buena organizaci\u00f3n y la maestra,\nespectacular\u201d, indic\u00f3 Fabiola V\u00e1squez, quien se desempe\u00f1a en un jard\u00edn infatil.<\/p>\n\n\n\n<p>En tanto, Paula V\u00e1squez, asistente social, expres\u00f3 que \u201ces\nimportante, no s\u00f3lo en el \u00e1mbito profesional, sino tambi\u00e9n en el personal, que\nes importante que cada persona vaya aprendiendo a ser m\u00e1s inclusiva y parte de\neso, el trabajo es poder optar a estos cursos y aprender y aplicarlo en el\ndiario vivir\u201d.<\/p>\n\n\n\n<p>El taller tuvo una duraci\u00f3n de una semana y se realiz\u00f3 en la\nsede del adulto mayor, ubicada en Covadonga 063.<\/p>\n","protected":false},"excerpt":{"rendered":"<p>Con el objetivo de crear una sociedad comunal m\u00e1s inclusiva, la Unidad de Discapacidad del Municipio de Punta Arenas, dependiente de la Direcci\u00f3n de Desarrollo Comunitario (Dideco), organiz\u00f3 un taller&#8230; <a class=\"read-more\" href=\"https:\/\/www.radiopresidenteibanez.cl\/web\/35-puntarenenses-finalizaron-con-exito-taller-intermedio-de-lengua-de-senas\/\">Leer m\u00e1s<\/a><\/p>\n","protected":false},"author":2,"featured_media":6907,"comment_status":"closed","ping_status":"closed","sticky":false,"template":"","format":"standard","meta":{"footnotes":""},"categories":[1],"tags":[],"class_list":["post-6906","post","type-post","status-publish","format-standard","has-post-thumbnail","hentry","category-cronica"],"_links":{"self":[{"href":"https:\/\/www.radiopresidenteibanez.cl\/web\/wp-json\/wp\/v2\/posts\/6906","targetHints":{"allow":["GET"]}}],"collection":[{"href":"https:\/\/www.radiopresidenteibanez.cl\/web\/wp-json\/wp\/v2\/posts"}],"about":[{"href":"https:\/\/www.radiopresidenteibanez.cl\/web\/wp-json\/wp\/v2\/types\/post"}],"author":[{"embeddable":true,"href":"https:\/\/www.radiopresidenteibanez.cl\/web\/wp-json\/wp\/v2\/users\/2"}],"replies":[{"embeddable":true,"href":"https:\/\/www.radiopresidenteibanez.cl\/web\/wp-json\/wp\/v2\/comments?post=6906"}],"version-history":[{"count":0,"href":"https:\/\/www.radiopresidenteibanez.cl\/web\/wp-json\/wp\/v2\/posts\/6906\/revisions"}],"wp:featuredmedia":[{"embeddable":true,"href":"https:\/\/www.radiopresidenteibanez.cl\/web\/wp-json\/wp\/v2\/media\/6907"}],"wp:attachment":[{"href":"https:\/\/www.radiopresidenteibanez.cl\/web\/wp-json\/wp\/v2\/media?parent=6906"}],"wp:term":[{"taxonomy":"category","embeddable":true,"href":"https:\/\/www.radiopresidenteibanez.cl\/web\/wp-json\/wp\/v2\/categories?post=6906"},{"taxonomy":"post_tag","embeddable":true,"href":"https:\/\/www.radiopresidenteibanez.cl\/web\/wp-json\/wp\/v2\/tags?post=6906"}],"curies":[{"name":"wp","href":"https:\/\/api.w.org\/{rel}","templated":true}]}}