{"id":6903,"date":"2019-09-09T14:21:05","date_gmt":"2019-09-09T14:21:05","guid":{"rendered":"http:\/\/www.radiopresidenteibanez.cl\/web\/?p=6903"},"modified":"2019-09-09T14:21:10","modified_gmt":"2019-09-09T14:21:10","slug":"nuevo-director-en-el-equipo-de-la-seremi-de-desarrollo-social-y-familia","status":"publish","type":"post","link":"https:\/\/www.radiopresidenteibanez.cl\/web\/nuevo-director-en-el-equipo-de-la-seremi-de-desarrollo-social-y-familia\/","title":{"rendered":"NUEVO DIRECTOR EN EL EQUIPO DE LA SEREMI DE DESARROLLO SOCIAL Y FAMILIA"},"content":{"rendered":"\n<p>La Seremi de Desarrollo Social y Familia, Liz Casanueva M\u00e9ndez lleg\u00f3 hasta las dependencias de la Intendencia de la Regi\u00f3n de Magallanes, junto a Iv\u00e1n Gonz\u00e1lez Cresp, el nuevo Director Regional del Servicio Nacional de la Discapacidad, para realizar la presentaci\u00f3n oficial a la m\u00e1xima autoridad, Jos\u00e9 Fern\u00e1ndez D\u00fcbrock.<\/p>\n\n\n\n<p>El pasado 2 de septiembre asumi\u00f3 la direcci\u00f3n regional de SENADIS el abogado Iv\u00e1n Gonz\u00e1lez Cresp, qui\u00e9n volvi\u00f3 a la Regi\u00f3n despu\u00e9s de haber estado fuera durante 9 a\u00f1os. Ahora forma parte del equipo de los servicios relacionados que tiene el Ministerio de Desarrollo Social y Familia, como lo son Fosis, Injuv, Senama y Conadi.<\/p>\n\n\n\n<p>Al t\u00e9rmino de la reuni\u00f3n el Intendente Regional, Jos\u00e9 Fern\u00e1ndez D\u00fcbrock dijo: \u201cSENADIS es uno de los servicios importantes que hoy d\u00eda queremos trabajar en la l\u00ednea de gobierno, todo lo que es discapacidad, aqu\u00ed en la regi\u00f3n es un tema bastante fuerte que se junta con el tema con el club de leones, del centro de rehabilitaci\u00f3n, as\u00ed que creo que es importante poder tener a Iv\u00e1n en el equipo y desearle la mejor suerte.\u201d<\/p>\n\n\n\n<p>En relaci\u00f3n a la tarea que trae el nuevo Director Regional del Servicio Nacional de la Discapacidad, Iv\u00e1n Gonz\u00e1lez Cresp dijo: \u201cmi misi\u00f3n es instalarme en el SENADIS en Magallanes, como un referente t\u00e9cnico en materia de discapacidad y trabajar para que todos los magall\u00e1nicos con alg\u00fan tipo de discapacidad puedan eliminar sus barreras y puedan participar plenamente en la sociedad, especialmente en la educaci\u00f3n y en el trabajo, donde hay muchos desaf\u00edos que tenemos que trabajar aqu\u00ed en la regi\u00f3n\u201d.<\/p>\n\n\n\n<p>As\u00ed mismo, coment\u00f3 que ya est\u00e1n trabajando con la campa\u00f1a #Act\u00edvatePorLaInclusi\u00f3n, por lo que realiz\u00f3 una invitaci\u00f3n a todos los establecimientos educacionales que trabajan con ni\u00f1os y j\u00f3venes que quieran promover un cambio de mirada hacia la discapacidad, ante esto dijo: \u201cesta campa\u00f1a invita a que podamos trabajar ciertos valores que est\u00e1n en el centro de la inclusi\u00f3n como es el respeto, la empat\u00eda, la cooperaci\u00f3n y la atenci\u00f3n, para que los alumnos se pongan en el lugar de sus compa\u00f1eros con discapacidad y podamos de alguna forma, eliminar barreras actitudinales y de comportamiento y podamos ponernos en el lugar del otro\u201d.<\/p>\n\n\n\n<p>Por su parte la Seremi de Desarrollo Social y Familia, Liz Casanueva M\u00e9ndez expres\u00f3: \u201cestoy muy contenta de poder ir completando nuestro equipo y en esta oportunidad llega un gran profesional, que viene con todas las ganas de trabajar a full por promover el derecho a la igualdad de oportunidades de las personas con discapacidad con el fin de obtener su inclusi\u00f3n social\u201d.<\/p>\n","protected":false},"excerpt":{"rendered":"<p>La Seremi de Desarrollo Social y Familia, Liz Casanueva M\u00e9ndez lleg\u00f3 hasta las dependencias de la Intendencia de la Regi\u00f3n de Magallanes, junto a Iv\u00e1n Gonz\u00e1lez Cresp, el nuevo Director&#8230; <a class=\"read-more\" href=\"https:\/\/www.radiopresidenteibanez.cl\/web\/nuevo-director-en-el-equipo-de-la-seremi-de-desarrollo-social-y-familia\/\">Leer m\u00e1s<\/a><\/p>\n","protected":false},"author":2,"featured_media":6904,"comment_status":"closed","ping_status":"closed","sticky":false,"template":"","format":"standard","meta":{"footnotes":""},"categories":[1],"tags":[],"class_list":["post-6903","post","type-post","status-publish","format-standard","has-post-thumbnail","hentry","category-cronica"],"_links":{"self":[{"href":"https:\/\/www.radiopresidenteibanez.cl\/web\/wp-json\/wp\/v2\/posts\/6903","targetHints":{"allow":["GET"]}}],"collection":[{"href":"https:\/\/www.radiopresidenteibanez.cl\/web\/wp-json\/wp\/v2\/posts"}],"about":[{"href":"https:\/\/www.radiopresidenteibanez.cl\/web\/wp-json\/wp\/v2\/types\/post"}],"author":[{"embeddable":true,"href":"https:\/\/www.radiopresidenteibanez.cl\/web\/wp-json\/wp\/v2\/users\/2"}],"replies":[{"embeddable":true,"href":"https:\/\/www.radiopresidenteibanez.cl\/web\/wp-json\/wp\/v2\/comments?post=6903"}],"version-history":[{"count":0,"href":"https:\/\/www.radiopresidenteibanez.cl\/web\/wp-json\/wp\/v2\/posts\/6903\/revisions"}],"wp:featuredmedia":[{"embeddable":true,"href":"https:\/\/www.radiopresidenteibanez.cl\/web\/wp-json\/wp\/v2\/media\/6904"}],"wp:attachment":[{"href":"https:\/\/www.radiopresidenteibanez.cl\/web\/wp-json\/wp\/v2\/media?parent=6903"}],"wp:term":[{"taxonomy":"category","embeddable":true,"href":"https:\/\/www.radiopresidenteibanez.cl\/web\/wp-json\/wp\/v2\/categories?post=6903"},{"taxonomy":"post_tag","embeddable":true,"href":"https:\/\/www.radiopresidenteibanez.cl\/web\/wp-json\/wp\/v2\/tags?post=6903"}],"curies":[{"name":"wp","href":"https:\/\/api.w.org\/{rel}","templated":true}]}}