{"id":6900,"date":"2019-09-09T11:32:21","date_gmt":"2019-09-09T11:32:21","guid":{"rendered":"http:\/\/www.radiopresidenteibanez.cl\/web\/?p=6900"},"modified":"2019-09-09T11:32:27","modified_gmt":"2019-09-09T11:32:27","slug":"clima-y-desarrollo-por-ernesto-sepulveda","status":"publish","type":"post","link":"https:\/\/www.radiopresidenteibanez.cl\/web\/clima-y-desarrollo-por-ernesto-sepulveda\/","title":{"rendered":"CLIMA Y DESARROLLO por ERNESTO SEPULVEDA"},"content":{"rendered":"\n<p>Amigos y amigas:<\/p>\n\n\n\n<p>Recientemente se efectu\u00f3 en Magallanes, el Simposio sobre&nbsp;&nbsp;clima\nde APEC -Alianza de pa\u00edses del Asia pac\u00edfico-, de la cual nuestro pa\u00eds forma\nparte. Fue una ocasi\u00f3n excepcional para conocer de primera mano, informaci\u00f3n\npura y dura, acerca del clima a nivel global. Cient\u00edficos que llevan a cabo hoy\nen d\u00eda investigaci\u00f3n avanzada en esta \u00e1rea, nos alertan acerca de los efectos\nconcretos en nuestra vida cotidiana, de la dr\u00e1stica reducci\u00f3n de\nprecipitaciones en algunas \u00e1reas, y de inundaciones y tormentas, en otras\n\u00e1reas, donde no son usuales.<\/p>\n\n\n\n<p>En Chile, constatamos la fragilidad de nuestros sistemas de monitoreo e\ninformaci\u00f3n. Se evidencia la necesidad urgente de dotar de mayores recursos\ntanto a Onemi, como a las universidades y centros de investigaci\u00f3n, que est\u00e1n\ngenerando conocimiento sobre el clima, y los fen\u00f3menos meteorol\u00f3gicos.<\/p>\n\n\n\n<p>Todo lo que se nos ha dicho sobre el efecto en la atm\u00f3sfera, de la poluci\u00f3n\nambiental, de la contaminaci\u00f3n generada por la actividad humana, son ciertas. Y\npor alarmante que parezca, ya existen proyecciones que indican, cuanto tiempo\ndisponemos como humanidad, para reducir el alza en la temperatura global.\nAlgunos han llegado a afirmar que ser\u00edan s\u00f3lo 12 a\u00f1os.<\/p>\n\n\n\n<p>Gases como el CO2, producidos por la combusti\u00f3n de combustibles f\u00f3siles, es\nuno de los principales causantes del denominado \u201cEfecto invernadero\u201d, que\nproduce el aumento de la temperatura del planeta.<\/p>\n\n\n\n<p>Iniciativas para reducir la emisi\u00f3n de carbono, o para la absorci\u00f3n del\ncarbono que se emite, han estado negoci\u00e1ndose entre las potencias\nindustrializadas, sin que hasta la fecha se haya logrado reducciones\napreciables.<\/p>\n\n\n\n<p>A fines de este a\u00f1o se\nrealizar\u00e1 en Chile la COP25, la cumbre sobre cambio clim\u00e1tico de la\nOrganizaci\u00f3n de Naciones Unidas. Chile es responsable del 0,26 % de las\nemisiones de CO2 globales, y sin embargo se ha propuesto adoptar medidas\nconcretas para reducir su dependencia de los combustibles f\u00f3siles.<\/p>\n\n\n\n<p>Como resulta evidente, el peso\nde las emisiones de CO2 la tienen las potencias industrializadas, que a su vez\nhan sido reacias a adoptar compromisos mas exigentes para reducir el 90% de las\nemisiones de CO2 que son de su responsabilidad.<\/p>\n\n\n\n<p>Ya lo hemos comentado\nanteriormente, nos parece inaudito que los pa\u00edses en v\u00edas de desarrollo, o\nderechamente los pa\u00edses pobres, deban asumir compromisos que condicionen o\nlimiten su desarrollo econ\u00f3mico. Mientras las grandes potencias desarrolladas\ncontin\u00faan con la explotaci\u00f3n de combustibles f\u00f3siles, generando la mayor carga\nde gases de efecto invernadero.<\/p>\n\n\n\n<p>En Chile, se debe planificar\ncon cautela el compromiso p\u00fablico-privado, que nos llevar\u00e1 a ser carbono\nneutrales. El lobby de las transnacionales extranjeras se siente con mas fuerza\nen los pa\u00edses peque\u00f1os. Y ya est\u00e1 demostrado, como invirtiendo grandes sumas en\npublicistas y activistas, pueden hacer fracasar proyectos de inversi\u00f3n viables,\ny sustentables.<\/p>\n\n\n\n<p>En el tiempo actual\ndebemos&nbsp;&nbsp;diferenciar la informaci\u00f3n veraz, verificable, respaldada\npor datos cient\u00edficos. De aquella otra informaci\u00f3n, que suele inundar las redes\nsociales, con notas sensacionalistas, que inducen al temor a la poblaci\u00f3n.<\/p>\n\n\n\n<p>Est\u00e1 claro, que nuestro\nplaneta, es la CASA COM\u00daN, no hay por ahora otra alternativa. Debemos cuidar\nnuestro medio ambiente, debemos desarrollar nuestra vida y nuestras actividades\nproductivas, en forma sustentable. Crecientemente estas actividades adem\u00e1s\ndeber\u00e1n ser carbono neutrales.<\/p>\n\n\n\n<p>Pero los pa\u00edses en v\u00edas de\ndesarrollo, y los pa\u00edses pobres no pueden asumir el mismo grado de exigencia,\nque las potencias industriales. Valga decir que estas mismas potencias, vienen\nacumulando gases de efecto invernadero en la atm\u00f3sfera, desde la revoluci\u00f3n\nindustrial, hace mas de 300 a\u00f1os. No parece justo que naciones j\u00f3venes, como\nChile, a\u00fan con enormes falencias en educaci\u00f3n, en investigaci\u00f3n y desarrollo,\nen ciencia y tecnolog\u00eda, deban abandonar la explotaci\u00f3n de sus recursos\nenerg\u00e9ticos.<\/p>\n\n\n\n<p>Para un pa\u00eds como el nuestro,\nque el encuentro sobre cambio clim\u00e1tico de la ONU, se realice en su territorio,\nconstituye una oportunidad. Estamos en una etapa incipiente de nuestro\ndesarrollo, aspiramos a lograr un desarrollo pleno, sustentable, pero sobre\nbases realistas. No podemos dejarnos intimidar&nbsp;&nbsp;por el lobby de\nintereses extranjeros, que busca limitar nuestro desarrollo, y consagrar\nnuestra dependencia.<\/p>\n\n\n\n<p>La COP25, probablemente\nconcluir\u00e1 con otra declaraci\u00f3n de buenas intenciones, ya que las potencias\nindustriales, que son los verdaderos contaminantes, no asumen el costo\necon\u00f3mico del cambio clim\u00e1tico global.<\/p>\n\n\n\n<p>Las grandes potencias, siguen\nen el siglo XXI actuando como los grandes imperios de siglo XVIII y XIX,\nimponiendo sus condiciones a todo el mundo, como si se tratara de sus antiguas\ncolonias. La paradoja es que hoy d\u00eda, una amplia gama de partidos progresistas,\ndefiende como propios, esos conceptos y condiciones que las otrora potencias\nimperiales, no aplican en su propia casa.<\/p>\n\n\n\n<p>Amigos y amigas, debemos\ncuidar nuestro maravilloso medio ambiente en la regi\u00f3n de Magallanes. No\nnecesitamos que una ONG extranjera nos ense\u00f1e como vivir en la zona extrema.<\/p>\n\n\n\n<p>Pero no nos confundamos, una\ncosa es la que podemos hacer en el plano local, reciclando, reutilizando,\nreduciendo, y una cosa muy distinta es la que deben hacer en el norte del pa\u00eds,\nen los grandes centros de poblaci\u00f3n.<\/p>\n\n\n\n<p>Soy Ernesto Sep\u00falveda, y\nespero que las potencias industriales asuman el costo econ\u00f3mico de la\ncat\u00e1strofe clim\u00e1tica, y se respete las caracter\u00edsticas propias de nuestro\ndesarrollo, y nuestro modo de vida.<\/p>\n\n\n\n<p>Punta Arenas, lunes 9 de\nseptiembre de 2019.-<\/p>\n","protected":false},"excerpt":{"rendered":"<p>Amigos y amigas: Recientemente se efectu\u00f3 en Magallanes, el Simposio sobre&nbsp;&nbsp;clima de APEC -Alianza de pa\u00edses del Asia pac\u00edfico-, de la cual nuestro pa\u00eds forma parte. Fue una ocasi\u00f3n excepcional&#8230; <a class=\"read-more\" href=\"https:\/\/www.radiopresidenteibanez.cl\/web\/clima-y-desarrollo-por-ernesto-sepulveda\/\">Leer m\u00e1s<\/a><\/p>\n","protected":false},"author":2,"featured_media":2310,"comment_status":"closed","ping_status":"closed","sticky":false,"template":"","format":"standard","meta":{"footnotes":""},"categories":[1],"tags":[],"class_list":["post-6900","post","type-post","status-publish","format-standard","has-post-thumbnail","hentry","category-cronica"],"_links":{"self":[{"href":"https:\/\/www.radiopresidenteibanez.cl\/web\/wp-json\/wp\/v2\/posts\/6900","targetHints":{"allow":["GET"]}}],"collection":[{"href":"https:\/\/www.radiopresidenteibanez.cl\/web\/wp-json\/wp\/v2\/posts"}],"about":[{"href":"https:\/\/www.radiopresidenteibanez.cl\/web\/wp-json\/wp\/v2\/types\/post"}],"author":[{"embeddable":true,"href":"https:\/\/www.radiopresidenteibanez.cl\/web\/wp-json\/wp\/v2\/users\/2"}],"replies":[{"embeddable":true,"href":"https:\/\/www.radiopresidenteibanez.cl\/web\/wp-json\/wp\/v2\/comments?post=6900"}],"version-history":[{"count":0,"href":"https:\/\/www.radiopresidenteibanez.cl\/web\/wp-json\/wp\/v2\/posts\/6900\/revisions"}],"wp:featuredmedia":[{"embeddable":true,"href":"https:\/\/www.radiopresidenteibanez.cl\/web\/wp-json\/wp\/v2\/media\/2310"}],"wp:attachment":[{"href":"https:\/\/www.radiopresidenteibanez.cl\/web\/wp-json\/wp\/v2\/media?parent=6900"}],"wp:term":[{"taxonomy":"category","embeddable":true,"href":"https:\/\/www.radiopresidenteibanez.cl\/web\/wp-json\/wp\/v2\/categories?post=6900"},{"taxonomy":"post_tag","embeddable":true,"href":"https:\/\/www.radiopresidenteibanez.cl\/web\/wp-json\/wp\/v2\/tags?post=6900"}],"curies":[{"name":"wp","href":"https:\/\/api.w.org\/{rel}","templated":true}]}}