{"id":6894,"date":"2019-09-08T19:11:21","date_gmt":"2019-09-08T19:11:21","guid":{"rendered":"http:\/\/www.radiopresidenteibanez.cl\/web\/?p=6894"},"modified":"2019-09-08T19:11:26","modified_gmt":"2019-09-08T19:11:26","slug":"mina-invierno-presento-recurso-de-casacion-por-tronaduras","status":"publish","type":"post","link":"https:\/\/www.radiopresidenteibanez.cl\/web\/mina-invierno-presento-recurso-de-casacion-por-tronaduras\/","title":{"rendered":"MINA INVIERNO PRESENT\u00d3 RECURSO DE CASACI\u00d3N POR TRONADURAS"},"content":{"rendered":"\n<p>Sobre\nel recurso de casaci\u00f3n de Mina Invierno ante la Corte<\/p>\n\n\n\n<p>Suprema,\nla empresa declara:<\/p>\n\n\n\n<p>\uf02d&nbsp; El escrito ingres\u00f3 este viernes 6 de\nseptiembre de 2019 ante el Tribunal Ambiental de Valdivia, TAV, para que luego\nde declarada su admisibilidad, \u00e9ste sea presentado ante la Corte Suprema.<\/p>\n\n\n\n<p>\uf02d&nbsp; El&nbsp; recurso&nbsp; de&nbsp;\ncasaci\u00f3n&nbsp; busca&nbsp; que&nbsp;\nla&nbsp; m\u00e1xima&nbsp; autoridad&nbsp;\njudicial&nbsp; del&nbsp; pa\u00eds&nbsp;\ntome conocimiento&nbsp; de&nbsp; los&nbsp;\nerrores&nbsp; de&nbsp; procedimiento&nbsp;\ny&nbsp; aplicaci\u00f3n&nbsp; de&nbsp;\nla&nbsp; ley&nbsp; en&nbsp;\nlos&nbsp; que, desde&nbsp; el&nbsp;\npunto&nbsp; de&nbsp; vista&nbsp;\nde&nbsp; la&nbsp; compa\u00f1\u00eda,&nbsp;\nhabr\u00edan&nbsp; incurrido&nbsp; los&nbsp; jueces&nbsp; del&nbsp;\nTAV.&nbsp; El objetivo&nbsp; es&nbsp; que&nbsp; se&nbsp;\ncorrija&nbsp; la&nbsp; sentencia&nbsp;\nque&nbsp; invalid\u00f3&nbsp; la&nbsp;\naprobaci\u00f3n&nbsp; ambiental&nbsp; del director ejecutivo del SEA para la\nincorporaci\u00f3n de tronaduras.<\/p>\n\n\n\n<p>\uf02d&nbsp; A juicio de la empresa minera, el tribunal\nexcedi\u00f3 las facultades que le otorga la ley, dado que no se restringi\u00f3 a\ncontrolar la legalidad del acto administrativo del SEA, sino&nbsp; que&nbsp;\nlo&nbsp; reemplaz\u00f3&nbsp; \u2013&nbsp;\nas\u00ed&nbsp; como&nbsp; a&nbsp;\nlos&nbsp; organismos&nbsp; encargados&nbsp;\nde&nbsp; los&nbsp; an\u00e1lisis t\u00e9cnicos-&nbsp; realizando&nbsp;\nsu&nbsp;\npropia&nbsp; evaluaci\u00f3n&nbsp; y&nbsp;\nafirmando&nbsp; que&nbsp; no&nbsp; hay&nbsp; informaci\u00f3n suficiente para descartar\nimpactos en los f\u00f3siles vegetales.<\/p>\n\n\n\n<p>\uf02d&nbsp; Cabe&nbsp; recordar&nbsp; que,&nbsp;\nen&nbsp; reiteradas&nbsp; oportunidades&nbsp;\nel&nbsp; SEA,&nbsp; la&nbsp;\nSuperintendencia&nbsp; del Medio\nAmbiente y el Consejo de Monumentos Nacionales, se\u00f1alaron que el uso de tronaduras\nno genera efectos adversos significativos sobre material paleobot\u00e1nico. M\u00e1s\na\u00fan, expertos nacionales e internacionales han reconocido el aporte de Mina\nInvierno en su recuperaci\u00f3n, conservaci\u00f3n y estudio.<\/p>\n\n\n\n<p>\uf02d&nbsp; Mina Invierno reitera su convicci\u00f3n de que tanto\nel proyecto, como la labor de las instituciones p\u00fablicas que han participado en\nsu estudio, se desarrollaron bajo los m\u00e1s altos est\u00e1ndares cient\u00edficos,\nt\u00e9cnicos y legales.<\/p>\n","protected":false},"excerpt":{"rendered":"<p>Sobre el recurso de casaci\u00f3n de Mina Invierno ante la Corte Suprema, la empresa declara: \uf02d&nbsp; El escrito ingres\u00f3 este viernes 6 de septiembre de 2019 ante el Tribunal Ambiental&#8230; <a class=\"read-more\" href=\"https:\/\/www.radiopresidenteibanez.cl\/web\/mina-invierno-presento-recurso-de-casacion-por-tronaduras\/\">Leer m\u00e1s<\/a><\/p>\n","protected":false},"author":2,"featured_media":391,"comment_status":"closed","ping_status":"closed","sticky":false,"template":"","format":"standard","meta":{"footnotes":""},"categories":[1],"tags":[],"class_list":["post-6894","post","type-post","status-publish","format-standard","has-post-thumbnail","hentry","category-cronica"],"_links":{"self":[{"href":"https:\/\/www.radiopresidenteibanez.cl\/web\/wp-json\/wp\/v2\/posts\/6894","targetHints":{"allow":["GET"]}}],"collection":[{"href":"https:\/\/www.radiopresidenteibanez.cl\/web\/wp-json\/wp\/v2\/posts"}],"about":[{"href":"https:\/\/www.radiopresidenteibanez.cl\/web\/wp-json\/wp\/v2\/types\/post"}],"author":[{"embeddable":true,"href":"https:\/\/www.radiopresidenteibanez.cl\/web\/wp-json\/wp\/v2\/users\/2"}],"replies":[{"embeddable":true,"href":"https:\/\/www.radiopresidenteibanez.cl\/web\/wp-json\/wp\/v2\/comments?post=6894"}],"version-history":[{"count":0,"href":"https:\/\/www.radiopresidenteibanez.cl\/web\/wp-json\/wp\/v2\/posts\/6894\/revisions"}],"wp:featuredmedia":[{"embeddable":true,"href":"https:\/\/www.radiopresidenteibanez.cl\/web\/wp-json\/wp\/v2\/media\/391"}],"wp:attachment":[{"href":"https:\/\/www.radiopresidenteibanez.cl\/web\/wp-json\/wp\/v2\/media?parent=6894"}],"wp:term":[{"taxonomy":"category","embeddable":true,"href":"https:\/\/www.radiopresidenteibanez.cl\/web\/wp-json\/wp\/v2\/categories?post=6894"},{"taxonomy":"post_tag","embeddable":true,"href":"https:\/\/www.radiopresidenteibanez.cl\/web\/wp-json\/wp\/v2\/tags?post=6894"}],"curies":[{"name":"wp","href":"https:\/\/api.w.org\/{rel}","templated":true}]}}