{"id":6888,"date":"2019-09-08T19:03:19","date_gmt":"2019-09-08T19:03:19","guid":{"rendered":"http:\/\/www.radiopresidenteibanez.cl\/web\/?p=6888"},"modified":"2019-09-08T19:03:24","modified_gmt":"2019-09-08T19:03:24","slug":"seremi-de-energia-nolberto-saez-a-senador-bianchi-preocupemonos-mas-del-mensaje-que-del-mensajero","status":"publish","type":"post","link":"https:\/\/www.radiopresidenteibanez.cl\/web\/seremi-de-energia-nolberto-saez-a-senador-bianchi-preocupemonos-mas-del-mensaje-que-del-mensajero\/","title":{"rendered":"SEREMI DE ENERG\u00cdA NOLBERTO S\u00c1EZ, A SENADOR BIANCHI: \u201cPREOCUP\u00c9MONOS M\u00c1S DEL MENSAJE QUE DEL MENSAJERO\u201d"},"content":{"rendered":"\n<p>Escuetamente se refiri\u00f3 el&nbsp;<strong>Seremi de Energ\u00eda de Magallanes<\/strong>,&nbsp;<strong>Nolberto S\u00e1ez<\/strong>, a los airados reclamos formulados por el&nbsp;<strong>Senador Carlos Bianchi<\/strong>&nbsp;respecto a la futura rebaja en el&nbsp;<strong>precio del gas<\/strong>&nbsp;para la regi\u00f3n.<\/p>\n\n\n\n<p>\u201cCreo que hay un injustificado acento en un punto irrelevante. Por eso, yo invito al&nbsp;<strong>Senador Bianchi<\/strong>&nbsp;a que nos preocupemos m\u00e1s del mensaje que del mensajero\u201d, declar\u00f3 el&nbsp;<strong>Seremi S\u00e1ez<\/strong>.<\/p>\n\n\n\n<p>La autoridad regional de&nbsp;<strong>Energ\u00eda<\/strong>&nbsp;complement\u00f3 que, pese a los insistentes e infundados rumores sobre un alza del gas, el Gobierno del&nbsp;<strong>Presidente Sebasti\u00e1n Pi\u00f1era<\/strong>, consistentemente con su compromiso, le asegur\u00f3 a los magall\u00e1nicos todo lo contrario. Dijimos, \u2018el gas no va a subir\u2019. \u00bfY qu\u00e9 ocurri\u00f3?&nbsp;<strong>No subi\u00f3<\/strong>. Baj\u00f3\u201d. &nbsp;<\/p>\n\n\n\n<p>En este sentido, el&nbsp;<strong>Seremi S\u00e1ez<\/strong>&nbsp;llam\u00f3 a conversar en torno a \u201clo realmente importante: sobre los factores que explicar\u00edan la baja\u201d.<\/p>\n\n\n\n<p>Y agreg\u00f3: \u201cde esto tenemos que hablar, analizar. De lo que se hizo bien para que el precio del gas bajara; por ejemplo, del papel que probablemente jugaron las&nbsp;<strong>familias magall\u00e1nicas<\/strong>&nbsp;en este ahorro, del buen rol de&nbsp;<strong>Enap Magallanes<\/strong>, de las positivas medidas de eficiencia energ\u00e9tica que hemos implementado en la regi\u00f3n. En definitiva, de c\u00f3mo lo hacemos para mejorar estos resultados. A esto invito amablemente al&nbsp;<strong>Senador Bianchi<\/strong>, porque esto es lo verdaderamente relevante. Su aporte ser\u00e1 bienvenido\u201d.<\/p>\n\n\n\n<p>Respecto de la rebaja, el&nbsp;<strong>Seremi S\u00e1ez<\/strong>&nbsp;se\u00f1al\u00f3 que s\u00f3lo falta saber la cifra exacta una vez que se termine el tr\u00e1mite en Contralor\u00eda, la cual \u201cestar\u00e1, en el rango de lo dado a conocer hace una semana\u201d. &nbsp;<\/p>\n","protected":false},"excerpt":{"rendered":"<p>Escuetamente se refiri\u00f3 el&nbsp;Seremi de Energ\u00eda de Magallanes,&nbsp;Nolberto S\u00e1ez, a los airados reclamos formulados por el&nbsp;Senador Carlos Bianchi&nbsp;respecto a la futura rebaja en el&nbsp;precio del gas&nbsp;para la regi\u00f3n. \u201cCreo que&#8230; <a class=\"read-more\" href=\"https:\/\/www.radiopresidenteibanez.cl\/web\/seremi-de-energia-nolberto-saez-a-senador-bianchi-preocupemonos-mas-del-mensaje-que-del-mensajero\/\">Leer m\u00e1s<\/a><\/p>\n","protected":false},"author":2,"featured_media":6889,"comment_status":"closed","ping_status":"closed","sticky":false,"template":"","format":"standard","meta":{"footnotes":""},"categories":[1,5],"tags":[],"class_list":["post-6888","post","type-post","status-publish","format-standard","has-post-thumbnail","hentry","category-cronica","category-politica"],"_links":{"self":[{"href":"https:\/\/www.radiopresidenteibanez.cl\/web\/wp-json\/wp\/v2\/posts\/6888","targetHints":{"allow":["GET"]}}],"collection":[{"href":"https:\/\/www.radiopresidenteibanez.cl\/web\/wp-json\/wp\/v2\/posts"}],"about":[{"href":"https:\/\/www.radiopresidenteibanez.cl\/web\/wp-json\/wp\/v2\/types\/post"}],"author":[{"embeddable":true,"href":"https:\/\/www.radiopresidenteibanez.cl\/web\/wp-json\/wp\/v2\/users\/2"}],"replies":[{"embeddable":true,"href":"https:\/\/www.radiopresidenteibanez.cl\/web\/wp-json\/wp\/v2\/comments?post=6888"}],"version-history":[{"count":0,"href":"https:\/\/www.radiopresidenteibanez.cl\/web\/wp-json\/wp\/v2\/posts\/6888\/revisions"}],"wp:featuredmedia":[{"embeddable":true,"href":"https:\/\/www.radiopresidenteibanez.cl\/web\/wp-json\/wp\/v2\/media\/6889"}],"wp:attachment":[{"href":"https:\/\/www.radiopresidenteibanez.cl\/web\/wp-json\/wp\/v2\/media?parent=6888"}],"wp:term":[{"taxonomy":"category","embeddable":true,"href":"https:\/\/www.radiopresidenteibanez.cl\/web\/wp-json\/wp\/v2\/categories?post=6888"},{"taxonomy":"post_tag","embeddable":true,"href":"https:\/\/www.radiopresidenteibanez.cl\/web\/wp-json\/wp\/v2\/tags?post=6888"}],"curies":[{"name":"wp","href":"https:\/\/api.w.org\/{rel}","templated":true}]}}