{"id":6885,"date":"2019-09-08T18:59:37","date_gmt":"2019-09-08T18:59:37","guid":{"rendered":"http:\/\/www.radiopresidenteibanez.cl\/web\/?p=6885"},"modified":"2019-09-08T18:59:44","modified_gmt":"2019-09-08T18:59:44","slug":"casi-500-adultos-mayores-celebraron-que-pasaron-agosto-en-baileton-municipal","status":"publish","type":"post","link":"https:\/\/www.radiopresidenteibanez.cl\/web\/casi-500-adultos-mayores-celebraron-que-pasaron-agosto-en-baileton-municipal\/","title":{"rendered":"CASI 500 ADULTOS MAYORES CELEBRARON QUE \u2018PASARON AGOSTO\u2019, EN BAILET\u00d3N MUNICIPAL"},"content":{"rendered":"\n<p>Cerca de 500 adultos mayores de Punta Arenas participaron,\neste s\u00e1bado (7 de septiembre), de la bailet\u00f3n \u201cLos que pasamos agosto\u201d,\ninstancia recreativa solidaria que ten\u00eda por objetivo promover actividades de\nesparcimiento y entretenci\u00f3n entre los adultos mayores, adem\u00e1s de motivarlos a\nla solidaridad con sus pares en situaci\u00f3n de vulnerabilidad, a trav\u00e9s de la\nentrega de pa\u00f1ales que se recolectaron durante un mes de preparaci\u00f3n de las\nrespectivas alianzas.<\/p>\n\n\n\n<p>El evento fue organizado desde la Unidad del Adulto Mayor\ndel Municipio de Punta Arenas, dependiente de la Direcci\u00f3n de Desarrollo\nComunitario.<\/p>\n\n\n\n<p>\u201cHoy estamos con un gimnasio lleno, con dos alianzas que se\nhan sacado la mugre, pero con una sola misi\u00f3n, aparte de pasarlo bien, es\njuntar pa\u00f1ales y casi se ha triplicado la cantidad de pa\u00f1ales que han sido\nobtenidos con su esfuerzo, con ingenio, con entusiasmo y pa\u00f1ales que van a ir\ndirectamente a muchos vecinos que no tienen los dineros para poder pagar\u201d,\nafirm\u00f3 el alcalde de Punta Arenas, Claudio Radonich.<\/p>\n\n\n\n<p>Los participantes se manifestaron muy contentos de haber\nlogrado reunir, entre ambas alianzas, la cantidad de 2.924 paquetes de pa\u00f1ales,\nlo que signific\u00f3 un total de 23.406 unidades.<\/p>\n\n\n\n<p>\u201cTrabajamos los 30 d\u00edas del mes, pero no mir\u00e9 ni fecha ni\nd\u00eda, porque era levantarse y caminar y fue un \u00e9xito. Hay que agradecer a toda\nla gente, a las casas comerciales, empresarios, Fuerzas Armadas, la Regi\u00f3n\nMilitar Austral, los colegios, jardines, y gente particular, todos nos\napoyaron\u201d, afirm\u00f3 Rosa Oyarz\u00fan, de la Alianza Amarilla.<\/p>\n\n\n\n<p>Por su parte, Juan Low, de la Alianza Roja, hizo un llamado\na los adultos mayores a mantenerse activos y participar de las iniciativas\ngratuitas que se ofrecen en la comuna. \u201cCuesta, como toda cosa, cuesta, pero al\nfinal uno lleva al otro, y as\u00ed, y ojal\u00e1 que fuera as\u00ed activamente, pero es\nlindo que la gente no se quede en la casa, porque ya dejamos de ser condor, con\ndolor en todas las extremidades\u201d, expres\u00f3.<\/p>\n\n\n\n<p>La actividad concluy\u00f3 con la coronaci\u00f3n de los reyes de la\nalianza ganadora, que recay\u00f3 en la Alianza Roja, con sus representantes Norma\nMella y H\u00e9ctor D\u00edaz.<\/p>\n","protected":false},"excerpt":{"rendered":"<p>Cerca de 500 adultos mayores de Punta Arenas participaron, este s\u00e1bado (7 de septiembre), de la bailet\u00f3n \u201cLos que pasamos agosto\u201d, instancia recreativa solidaria que ten\u00eda por objetivo promover actividades&#8230; <a class=\"read-more\" href=\"https:\/\/www.radiopresidenteibanez.cl\/web\/casi-500-adultos-mayores-celebraron-que-pasaron-agosto-en-baileton-municipal\/\">Leer m\u00e1s<\/a><\/p>\n","protected":false},"author":2,"featured_media":6886,"comment_status":"closed","ping_status":"closed","sticky":false,"template":"","format":"standard","meta":{"footnotes":""},"categories":[1],"tags":[],"class_list":["post-6885","post","type-post","status-publish","format-standard","has-post-thumbnail","hentry","category-cronica"],"_links":{"self":[{"href":"https:\/\/www.radiopresidenteibanez.cl\/web\/wp-json\/wp\/v2\/posts\/6885","targetHints":{"allow":["GET"]}}],"collection":[{"href":"https:\/\/www.radiopresidenteibanez.cl\/web\/wp-json\/wp\/v2\/posts"}],"about":[{"href":"https:\/\/www.radiopresidenteibanez.cl\/web\/wp-json\/wp\/v2\/types\/post"}],"author":[{"embeddable":true,"href":"https:\/\/www.radiopresidenteibanez.cl\/web\/wp-json\/wp\/v2\/users\/2"}],"replies":[{"embeddable":true,"href":"https:\/\/www.radiopresidenteibanez.cl\/web\/wp-json\/wp\/v2\/comments?post=6885"}],"version-history":[{"count":0,"href":"https:\/\/www.radiopresidenteibanez.cl\/web\/wp-json\/wp\/v2\/posts\/6885\/revisions"}],"wp:featuredmedia":[{"embeddable":true,"href":"https:\/\/www.radiopresidenteibanez.cl\/web\/wp-json\/wp\/v2\/media\/6886"}],"wp:attachment":[{"href":"https:\/\/www.radiopresidenteibanez.cl\/web\/wp-json\/wp\/v2\/media?parent=6885"}],"wp:term":[{"taxonomy":"category","embeddable":true,"href":"https:\/\/www.radiopresidenteibanez.cl\/web\/wp-json\/wp\/v2\/categories?post=6885"},{"taxonomy":"post_tag","embeddable":true,"href":"https:\/\/www.radiopresidenteibanez.cl\/web\/wp-json\/wp\/v2\/tags?post=6885"}],"curies":[{"name":"wp","href":"https:\/\/api.w.org\/{rel}","templated":true}]}}