{"id":6879,"date":"2019-09-08T18:53:26","date_gmt":"2019-09-08T18:53:26","guid":{"rendered":"http:\/\/www.radiopresidenteibanez.cl\/web\/?p=6879"},"modified":"2019-09-08T18:53:32","modified_gmt":"2019-09-08T18:53:32","slug":"alejandro-kusanovic-actual-consejero-regional-fue-elegido-exalumno-destacado-del-liceo-san-jose","status":"publish","type":"post","link":"https:\/\/www.radiopresidenteibanez.cl\/web\/alejandro-kusanovic-actual-consejero-regional-fue-elegido-exalumno-destacado-del-liceo-san-jose\/","title":{"rendered":"ALEJANDRO KUSANOVIC ACTUAL CONSEJERO REGIONAL FUE ELEGIDO EXALUMNO DESTACADO DEL LICEO SAN JOS\u00c9"},"content":{"rendered":"\n<p>En una emotiva ceremonia en la que se celebraron los 132 a\u00f1os de existencia del Liceo San Jos\u00e9, el consejero regional, Alejandro Kusanoivc, fue galardonado como Exalumno Destacado de dicho establecimiento educacional.<\/p>\n\n\n\n<p>La ceremonia, que estuvo encabezada por el Obispo de Punta Arenas, Bernardo Bastres, se desarroll\u00f3 en el gimnasio del Liceo San Jos\u00e9 el viernes 31 de agosto con la presencia de la plana directiva, profesores, apoderados y estudiantes del establecimiento.<\/p>\n\n\n\n<p>Luego de recibir el reconocimiento, Kusanovic expres\u00f3 su gratitud e inst\u00f3 a los j\u00f3venes estudiantes a \u201ctener amor por las cosas que hagan. En mi experiencia personal siempre he tratado de hacer las cosas bien y con amor, creo que es la \u00fanica forma de poder desarrollar las habilidades que uno tiene y de ayudar a las personas.\u201d<\/p>\n","protected":false},"excerpt":{"rendered":"<p>En una emotiva ceremonia en la que se celebraron los 132 a\u00f1os de existencia del Liceo San Jos\u00e9, el consejero regional, Alejandro Kusanoivc, fue galardonado como Exalumno Destacado de dicho&#8230; <a class=\"read-more\" href=\"https:\/\/www.radiopresidenteibanez.cl\/web\/alejandro-kusanovic-actual-consejero-regional-fue-elegido-exalumno-destacado-del-liceo-san-jose\/\">Leer m\u00e1s<\/a><\/p>\n","protected":false},"author":2,"featured_media":6880,"comment_status":"closed","ping_status":"closed","sticky":false,"template":"","format":"standard","meta":{"footnotes":""},"categories":[1],"tags":[],"class_list":["post-6879","post","type-post","status-publish","format-standard","has-post-thumbnail","hentry","category-cronica"],"_links":{"self":[{"href":"https:\/\/www.radiopresidenteibanez.cl\/web\/wp-json\/wp\/v2\/posts\/6879","targetHints":{"allow":["GET"]}}],"collection":[{"href":"https:\/\/www.radiopresidenteibanez.cl\/web\/wp-json\/wp\/v2\/posts"}],"about":[{"href":"https:\/\/www.radiopresidenteibanez.cl\/web\/wp-json\/wp\/v2\/types\/post"}],"author":[{"embeddable":true,"href":"https:\/\/www.radiopresidenteibanez.cl\/web\/wp-json\/wp\/v2\/users\/2"}],"replies":[{"embeddable":true,"href":"https:\/\/www.radiopresidenteibanez.cl\/web\/wp-json\/wp\/v2\/comments?post=6879"}],"version-history":[{"count":0,"href":"https:\/\/www.radiopresidenteibanez.cl\/web\/wp-json\/wp\/v2\/posts\/6879\/revisions"}],"wp:featuredmedia":[{"embeddable":true,"href":"https:\/\/www.radiopresidenteibanez.cl\/web\/wp-json\/wp\/v2\/media\/6880"}],"wp:attachment":[{"href":"https:\/\/www.radiopresidenteibanez.cl\/web\/wp-json\/wp\/v2\/media?parent=6879"}],"wp:term":[{"taxonomy":"category","embeddable":true,"href":"https:\/\/www.radiopresidenteibanez.cl\/web\/wp-json\/wp\/v2\/categories?post=6879"},{"taxonomy":"post_tag","embeddable":true,"href":"https:\/\/www.radiopresidenteibanez.cl\/web\/wp-json\/wp\/v2\/tags?post=6879"}],"curies":[{"name":"wp","href":"https:\/\/api.w.org\/{rel}","templated":true}]}}