{"id":6876,"date":"2019-09-08T18:51:14","date_gmt":"2019-09-08T18:51:14","guid":{"rendered":"http:\/\/www.radiopresidenteibanez.cl\/web\/?p=6876"},"modified":"2019-09-08T18:51:20","modified_gmt":"2019-09-08T18:51:20","slug":"minvu-e-intendencia-comprometen-apoyo-a-familias-para-la-construccion-de-un-nuevo-conjunto-habitacional-en-porvenir","status":"publish","type":"post","link":"https:\/\/www.radiopresidenteibanez.cl\/web\/minvu-e-intendencia-comprometen-apoyo-a-familias-para-la-construccion-de-un-nuevo-conjunto-habitacional-en-porvenir\/","title":{"rendered":"MINVU E INTENDENCIA COMPROMETEN APOYO A FAMILIAS PARA LA CONSTRUCCI\u00d3N DE UN NUEVO CONJUNTO HABITACIONAL EN PORVENIR"},"content":{"rendered":"\n<p>Tras tres licitaciones fallidas y con un proyecto habitacional que se\nremonta desde el 2014, es que las autoridades de Porvenir se acercaron al\nintendente y al Minvu para buscar una soluci\u00f3n a esta realidad que hoy viven\n112 familias de la capital de Tierra del Fuego.<\/p>\n\n\n\n<p>Es bajo este contexto, que el intendente de la Regi\u00f3n de Magallanes y\nde la Ant\u00e1rtica Chilena, Jos\u00e9 Fern\u00e1ndez; el seremi de Vivienda y Urbanismo,\nJos\u00e9 Miguel Horcos y el director del Serviu, Dubalio P\u00e9rez, se trasladaron\nhasta aquella localidad para dialogar con los beneficiarios y para anunciarles\nque la cartera solicitar\u00e1 recursos al FNDR para que la Municipalidad de\nPorvenir nuevamente llame a licitaci\u00f3n para construir el conjunto Lomas de\nBaquedano III. \u201cHoy nos encontramos que hubo tres licitaciones fallidas por la\nMunicipalidad de Porvenir que actu\u00f3 como Entidad Patrocinante y no se ha podido\nadjudicar, principalmente por falta de recursos. Hoy se ha hecho un trabajo\ndesde el Minvu y se ha analizado junto al Serviu la situaci\u00f3n del proyecto.\nTenemos un diferencial importante por beneficiario; por lo tanto recurriremos\nal Gobierno Regional para que apoye a las familias\u201d, manifest\u00f3 el seremi Jos\u00e9\nMiguel Horcos. <\/p>\n\n\n\n<p>En la misma l\u00ednea, el Minvu solicitar\u00e1 al Gobierno Regional, v\u00eda\ncomplemento de subsidios gracias al convenio de programaci\u00f3n vigente, $1.600\nmillones de pesos para que la pr\u00f3xima licitaci\u00f3n que haga la Entidad\nPatrocinante de la Municipalidad de Porvenir, sea de un total de $6.100\nmillones de pesos. As\u00ed lo detall\u00f3 el director del Serviu, Dubalio P\u00e9rez, quien\nasegur\u00f3 que \u201crecogimos la solicitud de la alcaldesa para analizar el proyecto y\npara ver cu\u00e1l era el presupuesto real que se requer\u00eda para llamar a estas\nobras. Hicimos el estudio, determinamos el valor y creemos que la mejor manera\nes traspasar los recursos directamente a las personas\u201d.<\/p>\n\n\n\n<p>Finalmente, la primera autoridad de la regi\u00f3n, el Intendente Jos\u00e9\nFern\u00e1ndez, le comunic\u00f3 a las familias que el compromiso del gobierno del\nPresidente Sebasti\u00e1n Pi\u00f1era es hacer estas viviendas que se arrastran desde el\n2014 y que \u201ccon esta acci\u00f3n esperamos que la pr\u00f3xima licitaci\u00f3n sea exitosa\npara darle una soluci\u00f3n definitiva a estas familias que llevan a\u00f1os esperando\u201d.\n<\/p>\n\n\n\n<p>Cabe resaltar, que el seremi del Minvu, Jos\u00e9 Miguel Horcos destac\u00f3 el\nhecho que \u201ca trav\u00e9s de la C\u00e1mara Chilena de la Construcci\u00f3n, se est\u00e1 creando\nnuevos v\u00ednculos para invitar a otras empresas constructoras, que tengan\nrespaldo econ\u00f3mico, para venir a la Regi\u00f3n de Magallanes a participar de\nlicitaciones\u201d. <\/p>\n","protected":false},"excerpt":{"rendered":"<p>Tras tres licitaciones fallidas y con un proyecto habitacional que se remonta desde el 2014, es que las autoridades de Porvenir se acercaron al intendente y al Minvu para buscar&#8230; <a class=\"read-more\" href=\"https:\/\/www.radiopresidenteibanez.cl\/web\/minvu-e-intendencia-comprometen-apoyo-a-familias-para-la-construccion-de-un-nuevo-conjunto-habitacional-en-porvenir\/\">Leer m\u00e1s<\/a><\/p>\n","protected":false},"author":2,"featured_media":6877,"comment_status":"closed","ping_status":"closed","sticky":false,"template":"","format":"standard","meta":{"footnotes":""},"categories":[1],"tags":[],"class_list":["post-6876","post","type-post","status-publish","format-standard","has-post-thumbnail","hentry","category-cronica"],"_links":{"self":[{"href":"https:\/\/www.radiopresidenteibanez.cl\/web\/wp-json\/wp\/v2\/posts\/6876","targetHints":{"allow":["GET"]}}],"collection":[{"href":"https:\/\/www.radiopresidenteibanez.cl\/web\/wp-json\/wp\/v2\/posts"}],"about":[{"href":"https:\/\/www.radiopresidenteibanez.cl\/web\/wp-json\/wp\/v2\/types\/post"}],"author":[{"embeddable":true,"href":"https:\/\/www.radiopresidenteibanez.cl\/web\/wp-json\/wp\/v2\/users\/2"}],"replies":[{"embeddable":true,"href":"https:\/\/www.radiopresidenteibanez.cl\/web\/wp-json\/wp\/v2\/comments?post=6876"}],"version-history":[{"count":0,"href":"https:\/\/www.radiopresidenteibanez.cl\/web\/wp-json\/wp\/v2\/posts\/6876\/revisions"}],"wp:featuredmedia":[{"embeddable":true,"href":"https:\/\/www.radiopresidenteibanez.cl\/web\/wp-json\/wp\/v2\/media\/6877"}],"wp:attachment":[{"href":"https:\/\/www.radiopresidenteibanez.cl\/web\/wp-json\/wp\/v2\/media?parent=6876"}],"wp:term":[{"taxonomy":"category","embeddable":true,"href":"https:\/\/www.radiopresidenteibanez.cl\/web\/wp-json\/wp\/v2\/categories?post=6876"},{"taxonomy":"post_tag","embeddable":true,"href":"https:\/\/www.radiopresidenteibanez.cl\/web\/wp-json\/wp\/v2\/tags?post=6876"}],"curies":[{"name":"wp","href":"https:\/\/api.w.org\/{rel}","templated":true}]}}