{"id":6872,"date":"2019-09-06T19:52:06","date_gmt":"2019-09-06T19:52:06","guid":{"rendered":"http:\/\/www.radiopresidenteibanez.cl\/web\/?p=6872"},"modified":"2019-09-06T19:52:14","modified_gmt":"2019-09-06T19:52:14","slug":"1o-jornadas-patagonicas-de-medicina-de-urgencias-en-el-hospital-clinico-magallanes","status":"publish","type":"post","link":"https:\/\/www.radiopresidenteibanez.cl\/web\/1o-jornadas-patagonicas-de-medicina-de-urgencias-en-el-hospital-clinico-magallanes\/","title":{"rendered":"1\u00ba JORNADAS PATAG\u00d3NICAS DE MEDICINA DE URGENCIAS EN EL  HOSPITAL CL\u00cdNICO MAGALLANES"},"content":{"rendered":"\n<p>Durante los d\u00edas 6 y 7 de\njunio se desarrollan las 1\u00ba Jornadas Patag\u00f3nicas de Medicina de Urgencia en el\nHospital Cl\u00ednico Magallanes (HCM), con el fin de actualizar conocimientos y\nfortalecer el trabajo de esa especialidad en la red de salud de Magallanes. La\nactividad es parte del plan anual de capacitaci\u00f3n HCM y est\u00e1 dirigido a todo el\nequipo que interviene en el cuidado del paciente. <\/p>\n\n\n\n<p>Fue en el a\u00f1o 2017 que HCM\nrecibi\u00f3 a la primera especialista que se incorpor\u00f3 a la&nbsp; Unidad de Emergencia Hospitalaria, en dos\na\u00f1os este n\u00famero ha aumentado a tres m\u00e9dicos urgenci\u00f3logos,&nbsp; un significativo aumento que abre las puertas\npara m\u00e1s incorporaciones y lograr potenciar a la Unidad de Emergencia\nHospitalaria HCM como referente de la atenci\u00f3n de urgencia en la regi\u00f3n de\nMagallanes y la Ant\u00e1rtica Chilena. <\/p>\n\n\n\n<p>La Dra. Magda Torres,\nurgenci\u00f3loga HCM y se\u00f1al\u00f3 que:\u201dEstas son las primeras jornadas en esta regi\u00f3n por\nlo que es importante poder dar a conocer&nbsp;\nmanejos que est\u00e1n m\u00e1s actualizados&nbsp;\nen los pacientes de urgencia y funcionamiento de la administraci\u00f3n en\nurgencias&nbsp; de este hospital\u201d.<\/p>\n\n\n\n<p>En el encuentro exponen\ncuatro especialistas de renombre nacional que presentan temas tales como:\nenfrentamiento s\u00edndrome coronario agudo, edema pulmonar agudo, arritmias,\nmanejo de shock anafil\u00e1ctico; entre otros. Uno de ellos es el Dr. Michel Rey,\nresidente de urgencia en Cl\u00ednica Santa Mar\u00eda y Director de Urgencias del\nHospital San Juan de Dios quien agreg\u00f3 que: \u201cMe parece muy bien que esta regi\u00f3n\nhaga actividades de este tipo porque la \u00fanica forma de mejorar es la\ncapacitaci\u00f3n de todos, no s\u00f3lo de m\u00e9dicos sino de todo el equipo cl\u00ednico y no\ncl\u00ednico. El servicio de urgencias es un servicio especializado pero tambi\u00e9n es\nun servicio de paso por lo que depende de nosotros la especializaci\u00f3n para el\nbeneficio de nuestros pacientes\u201d. <\/p>\n\n\n\n<p>En tanto del Director HCM,\nRicardo Contreras Fa\u00fandez se\u00f1al\u00f3 que: \u201cLa medicina de urgencia&nbsp; tiende los puentes entre el sistema&nbsp; sanitario ambulatorio y el \u00e1mbito\nintrahospitalario, optimizando el cuidado del paciente y mejorando la\neficiencia del sistema en general. A su vez, y junto a todo el equipo de\nurgencia,&nbsp; forman una unidad asistencial\ny administrativa perfectamente integrada y coordinada con los Servicios\nCl\u00ednicos y Unidades de Apoyo, de modo de obtener la utilizaci\u00f3n eficaz y\neficiente de todos los recursos del establecimiento\u201d.<\/p>\n\n\n\n<p>Durante el a\u00f1o 2018, el\nHospital Cl\u00ednico Magallanes atendi\u00f3 105.362 consultas de urgencia, cifra que\na\u00f1o a a\u00f1o va en aumento, &nbsp;al igual que la\ntendencia mundial por lo que instancias como estas marcan la pauta en el\ndesarrollo de la especialidad en la regi\u00f3n y refuerza el enfoque de &nbsp;atenci\u00f3n oportuna a &nbsp;las gravedades que afectan a la poblaci\u00f3n. <\/p>\n\n\n\n<p>La Unidad de Emergencia del\nHospital Cl\u00ednico de Magallanes, tiene como objetivo principal, prestar atenci\u00f3n\nm\u00e9dica y de enfermer\u00eda, en forma permanente durante las 24 horas del d\u00eda, los\n365 d\u00edas del a\u00f1o, a todo paciente que en ella consulte, en presencia de\ncondiciones impostergables que afecten su estado de salud. Desde abril del a\u00f1o\n2019, la consulta diaria sobrepasa los 400 pacientes y las hospitalizaciones\nsuperan las 6000 por a\u00f1o. <\/p>\n","protected":false},"excerpt":{"rendered":"<p>Durante los d\u00edas 6 y 7 de junio se desarrollan las 1\u00ba Jornadas Patag\u00f3nicas de Medicina de Urgencia en el Hospital Cl\u00ednico Magallanes (HCM), con el fin de actualizar conocimientos&#8230; <a class=\"read-more\" href=\"https:\/\/www.radiopresidenteibanez.cl\/web\/1o-jornadas-patagonicas-de-medicina-de-urgencias-en-el-hospital-clinico-magallanes\/\">Leer m\u00e1s<\/a><\/p>\n","protected":false},"author":2,"featured_media":6873,"comment_status":"closed","ping_status":"closed","sticky":false,"template":"","format":"standard","meta":{"footnotes":""},"categories":[1],"tags":[],"class_list":["post-6872","post","type-post","status-publish","format-standard","has-post-thumbnail","hentry","category-cronica"],"_links":{"self":[{"href":"https:\/\/www.radiopresidenteibanez.cl\/web\/wp-json\/wp\/v2\/posts\/6872","targetHints":{"allow":["GET"]}}],"collection":[{"href":"https:\/\/www.radiopresidenteibanez.cl\/web\/wp-json\/wp\/v2\/posts"}],"about":[{"href":"https:\/\/www.radiopresidenteibanez.cl\/web\/wp-json\/wp\/v2\/types\/post"}],"author":[{"embeddable":true,"href":"https:\/\/www.radiopresidenteibanez.cl\/web\/wp-json\/wp\/v2\/users\/2"}],"replies":[{"embeddable":true,"href":"https:\/\/www.radiopresidenteibanez.cl\/web\/wp-json\/wp\/v2\/comments?post=6872"}],"version-history":[{"count":0,"href":"https:\/\/www.radiopresidenteibanez.cl\/web\/wp-json\/wp\/v2\/posts\/6872\/revisions"}],"wp:featuredmedia":[{"embeddable":true,"href":"https:\/\/www.radiopresidenteibanez.cl\/web\/wp-json\/wp\/v2\/media\/6873"}],"wp:attachment":[{"href":"https:\/\/www.radiopresidenteibanez.cl\/web\/wp-json\/wp\/v2\/media?parent=6872"}],"wp:term":[{"taxonomy":"category","embeddable":true,"href":"https:\/\/www.radiopresidenteibanez.cl\/web\/wp-json\/wp\/v2\/categories?post=6872"},{"taxonomy":"post_tag","embeddable":true,"href":"https:\/\/www.radiopresidenteibanez.cl\/web\/wp-json\/wp\/v2\/tags?post=6872"}],"curies":[{"name":"wp","href":"https:\/\/api.w.org\/{rel}","templated":true}]}}