{"id":6869,"date":"2019-09-06T19:49:50","date_gmt":"2019-09-06T19:49:50","guid":{"rendered":"http:\/\/www.radiopresidenteibanez.cl\/web\/?p=6869"},"modified":"2019-09-06T19:49:57","modified_gmt":"2019-09-06T19:49:57","slug":"premian-a-edificio-de-punta-arenas-como-el-mas-sustentable-del-pais","status":"publish","type":"post","link":"https:\/\/www.radiopresidenteibanez.cl\/web\/premian-a-edificio-de-punta-arenas-como-el-mas-sustentable-del-pais\/","title":{"rendered":"PREMIAN A EDIFICIO DE PUNTA ARENAS COMO EL M\u00c1S SUSTENTABLE DEL PA\u00cdS"},"content":{"rendered":"\n<p>Confirmando su liderazgo en la\nincorporaci\u00f3n de criterios de sustentabilidad y eficiencia energ\u00e9tica en las\nnuevas edificaciones del pa\u00eds, la Direcci\u00f3n de Arquitectura del Ministerio de\nObras P\u00fablicas tuvo una importante figuraci\u00f3n en la primera versi\u00f3n de los\nPremios Certificaci\u00f3n Edificio Sustentable.<\/p>\n\n\n\n<p>La mayor satisfacci\u00f3n\ncorrespondi\u00f3 al primer premio en la categor\u00eda Edificio Certificado que recibi\u00f3\nla Direcci\u00f3n Regional de Arquitectura de Magallanes por la construcci\u00f3n del\nCentro de D\u00eda del Adulto Mayor en Punta Arenas, edificio del Servicio Nacional\ndel Adulto Mayor cuya construcci\u00f3n finaliz\u00f3 en 2018. El premio fue recibido\neste mi\u00e9rcoles en Santiago por el Director Nacional de Arquitectura, Ra\u00fal\nIrarr\u00e1zabal; el Director Regional, Patricio Hormaz\u00e1bal; el ex Director\nRegional, Jorge Cort\u00e9s; y la jefa del Departamento de Construcci\u00f3n Sustentable\nde dicha instituci\u00f3n, Margarita Cordaro.<\/p>\n\n\n\n<p>\u201cComo equipo regional estamos\nmuy contentos por haber aportado nuestra experiencia t\u00e9cnica para materializar\nesta construcci\u00f3n que est\u00e1 contribuyendo a una mejor calidad de vida para\ndecenas de adultos mayores de Punta Arenas. La gracia de este edificio es que\ncuenta con un buen dise\u00f1o de sus aberturas y envolvente, que le permiten\nsoportar el clima extremo de nuestra regi\u00f3n\u201d, explic\u00f3 Patricio Hormaz\u00e1bal,\nDirector de Arquitectura del MOP en la regi\u00f3n de Magallanes. <\/p>\n\n\n\n<p>Seg\u00fan la certificaci\u00f3n, este\nedificio mostr\u00f3 una reducci\u00f3n de cerca del 50% en el consumo del sistema de\nclimatizaci\u00f3n y una disminuci\u00f3n de 57% en el uso de agua, entre otros,\nobteniendo 69 puntos de un total de 100 unidades, la mejor puntuaci\u00f3n entre las\nedificaciones que formaron parte de la muestra.<\/p>\n\n\n\n<p>En la misma categor\u00eda, el\nsegundo lugar lo obtuvo la reposici\u00f3n del cuartel de Bomberos de Cunco, en la\nregi\u00f3n de la Araucan\u00eda, tambi\u00e9n ejecutado por la Direcci\u00f3n de Arquitectura del\nMOP, que obtuvo 60,5 puntos en la certificaci\u00f3n, mientras que el tercer puesto\nfue para el Centro Elige Vivir Sano de Caldera, con 56 puntos.<\/p>\n\n\n\n<p>La otra categor\u00eda de esta\npremiaci\u00f3n correspondi\u00f3 a los edificios en etapa de precertificaci\u00f3n,\nresultando ganador la Escuela B\u00e1sica Huintralebu de Pur\u00e9n, seguido del Liceo\nJorge Teillier de Lautaro y la Escuela Rural Rucapangue de Cholchol, todos\nubicados en la regi\u00f3n de la Araucan\u00eda.<\/p>\n\n\n\n<p>La Certificaci\u00f3n Edificio\nSustentable comenz\u00f3 a aplicarse en 2014 gracias al trabajo conjunto de la\nDirecci\u00f3n de Arquitectura, la C\u00e1mara Chilena de la Construcci\u00f3n, el Instituto\nde la Construcci\u00f3n y el Colegio de Arquitectos. Destaca por ser la \u00fanica en su\ntipo de origen nacional, por lo que considera la variabilidad clim\u00e1tica y\ntopogr\u00e1fica de nuestro pa\u00eds, como tambi\u00e9n por focalizarse en el dise\u00f1o pasivo\n(aislaci\u00f3n, ventilaci\u00f3n, ac\u00fastica, luminosidad, tipo de materiales, entre otros\naspectos) m\u00e1s que en sistemas activos que reducen el consumo energ\u00e9tico.<\/p>\n","protected":false},"excerpt":{"rendered":"<p>Confirmando su liderazgo en la incorporaci\u00f3n de criterios de sustentabilidad y eficiencia energ\u00e9tica en las nuevas edificaciones del pa\u00eds, la Direcci\u00f3n de Arquitectura del Ministerio de Obras P\u00fablicas tuvo una&#8230; <a class=\"read-more\" href=\"https:\/\/www.radiopresidenteibanez.cl\/web\/premian-a-edificio-de-punta-arenas-como-el-mas-sustentable-del-pais\/\">Leer m\u00e1s<\/a><\/p>\n","protected":false},"author":2,"featured_media":6870,"comment_status":"closed","ping_status":"closed","sticky":false,"template":"","format":"standard","meta":{"footnotes":""},"categories":[1],"tags":[],"class_list":["post-6869","post","type-post","status-publish","format-standard","has-post-thumbnail","hentry","category-cronica"],"_links":{"self":[{"href":"https:\/\/www.radiopresidenteibanez.cl\/web\/wp-json\/wp\/v2\/posts\/6869","targetHints":{"allow":["GET"]}}],"collection":[{"href":"https:\/\/www.radiopresidenteibanez.cl\/web\/wp-json\/wp\/v2\/posts"}],"about":[{"href":"https:\/\/www.radiopresidenteibanez.cl\/web\/wp-json\/wp\/v2\/types\/post"}],"author":[{"embeddable":true,"href":"https:\/\/www.radiopresidenteibanez.cl\/web\/wp-json\/wp\/v2\/users\/2"}],"replies":[{"embeddable":true,"href":"https:\/\/www.radiopresidenteibanez.cl\/web\/wp-json\/wp\/v2\/comments?post=6869"}],"version-history":[{"count":0,"href":"https:\/\/www.radiopresidenteibanez.cl\/web\/wp-json\/wp\/v2\/posts\/6869\/revisions"}],"wp:featuredmedia":[{"embeddable":true,"href":"https:\/\/www.radiopresidenteibanez.cl\/web\/wp-json\/wp\/v2\/media\/6870"}],"wp:attachment":[{"href":"https:\/\/www.radiopresidenteibanez.cl\/web\/wp-json\/wp\/v2\/media?parent=6869"}],"wp:term":[{"taxonomy":"category","embeddable":true,"href":"https:\/\/www.radiopresidenteibanez.cl\/web\/wp-json\/wp\/v2\/categories?post=6869"},{"taxonomy":"post_tag","embeddable":true,"href":"https:\/\/www.radiopresidenteibanez.cl\/web\/wp-json\/wp\/v2\/tags?post=6869"}],"curies":[{"name":"wp","href":"https:\/\/api.w.org\/{rel}","templated":true}]}}