{"id":6866,"date":"2019-09-06T19:46:42","date_gmt":"2019-09-06T19:46:42","guid":{"rendered":"http:\/\/www.radiopresidenteibanez.cl\/web\/?p=6866"},"modified":"2019-09-06T19:46:47","modified_gmt":"2019-09-06T19:46:47","slug":"autoridades-natalinas-visitan-obras-del-club-deportivo-esmeralda","status":"publish","type":"post","link":"https:\/\/www.radiopresidenteibanez.cl\/web\/autoridades-natalinas-visitan-obras-del-club-deportivo-esmeralda\/","title":{"rendered":"AUTORIDADES NATALINAS VISITAN OBRAS DEL CLUB DEPORTIVO ESMERALDA"},"content":{"rendered":"\n<p>Con el fin de constatar en\nterreno el avance de los trabajos realizados en el Club Deportivo Esmeralda,\nlas autoridades locales encabezadas por el alcalde de la comuna, el cuerpo de\nconcejales y la gobernadora de la provincia, visitaron y realizaron un recorrido\npor las faenas con los directivos del club y representantes de la empresa.<\/p>\n\n\n\n<p>Es la primera vez que se realiza\nuna remodelaci\u00f3n de esta magnitud en el centro social y deportivo, siendo un\ngran anhelo de todos los socios del Club Esmeralda, los cuales ve\u00edan como d\u00eda a\nd\u00eda las instalaciones del centro se iban deteriorando, haci\u00e9ndose cada vez m\u00e1s\nnotoria y necesaria su remodelaci\u00f3n. <\/p>\n\n\n\n<p>\u201cTodo lo que es infraestructura\nmet\u00e1lica y los cimientos ya est\u00e1 todo hecho. As\u00ed que de modo tal, de aqu\u00ed en\nadelante esta es una obra que va a empezar a mostrarse m\u00e1s en plenitud en su\ndesarrollo, incluso en el mes de diciembre se piensa que ya se est\u00e9 pintando el\nexterior. Entonces, de esa manera nuestra comunidad va a empezar a percibir la\nmagnitud de esta obra\u201d, indic\u00f3 el alcalde de Natales, Fernando Paredes\nMansilla.<\/p>\n\n\n\n<p>Adem\u00e1s, el edil destac\u00f3 que esta infraestructura\nva a ser un aporte al sector c\u00e9ntrico de la ciudad y un aporte a la actividad\ndeportiva y cultural que desarrolla el Club Deportivo Esmeralda en todo Puerto\nNatales.<\/p>\n\n\n\n<p>La gobernadora de la provincia\nsubray\u00f3 que este es una de las obras m\u00e1s importantes del \u00faltimo tiempo en\nNatales. \u201cEs una obra merecida y esperada por el Club Deportivo Esmeralda. Cada\nd\u00eda vamos a seguir siempre al lado, verificando y estando atento a lo que\nmanifiesta el municipio con respecto a esta obra, y tambi\u00e9n, sin lugar a dudas\nlo que manifiestan los socios y la directiva principalmente\u201d, se\u00f1al\u00f3 Ana\nMayorga Bahamonde.<\/p>\n\n\n\n<p>En tanto, el presidente del Club,\nCristian Catr\u00edn, indic\u00f3 que para ellos va a ser muy significativo inaugurar su\nsede en marzo. \u201cAgradecer al se\u00f1or alcalde, a la se\u00f1ora gobernadora que est\u00e1n\nd\u00eda a d\u00eda pendiente de estas obras. Que se fiscalicen de buena forma y &nbsp;que se ejecuten en los plazos que corresponden,\ny adem\u00e1s bastante contentos nosotros como Club\u201d. Tambi\u00e9n, el presidente\nenfatiz\u00f3 que \u00e9l como dirigente est\u00e1 dispuesto a esperar con calma para que todo\nse ejecute de buena forma.<\/p>\n\n\n\n<p>El proyecto es financiado gracias\na la postulaci\u00f3n por parte del municipio al Fondo Nacional de Desarrollo\nRegional (FNDR) del Gobierno Regional, entregando &nbsp;$1.290 millones de pesos al remozado espacio social\ndeportivo. <\/p>\n","protected":false},"excerpt":{"rendered":"<p>Con el fin de constatar en terreno el avance de los trabajos realizados en el Club Deportivo Esmeralda, las autoridades locales encabezadas por el alcalde de la comuna, el cuerpo&#8230; <a class=\"read-more\" href=\"https:\/\/www.radiopresidenteibanez.cl\/web\/autoridades-natalinas-visitan-obras-del-club-deportivo-esmeralda\/\">Leer m\u00e1s<\/a><\/p>\n","protected":false},"author":2,"featured_media":6867,"comment_status":"closed","ping_status":"closed","sticky":false,"template":"","format":"standard","meta":{"footnotes":""},"categories":[1],"tags":[],"class_list":["post-6866","post","type-post","status-publish","format-standard","has-post-thumbnail","hentry","category-cronica"],"_links":{"self":[{"href":"https:\/\/www.radiopresidenteibanez.cl\/web\/wp-json\/wp\/v2\/posts\/6866","targetHints":{"allow":["GET"]}}],"collection":[{"href":"https:\/\/www.radiopresidenteibanez.cl\/web\/wp-json\/wp\/v2\/posts"}],"about":[{"href":"https:\/\/www.radiopresidenteibanez.cl\/web\/wp-json\/wp\/v2\/types\/post"}],"author":[{"embeddable":true,"href":"https:\/\/www.radiopresidenteibanez.cl\/web\/wp-json\/wp\/v2\/users\/2"}],"replies":[{"embeddable":true,"href":"https:\/\/www.radiopresidenteibanez.cl\/web\/wp-json\/wp\/v2\/comments?post=6866"}],"version-history":[{"count":0,"href":"https:\/\/www.radiopresidenteibanez.cl\/web\/wp-json\/wp\/v2\/posts\/6866\/revisions"}],"wp:featuredmedia":[{"embeddable":true,"href":"https:\/\/www.radiopresidenteibanez.cl\/web\/wp-json\/wp\/v2\/media\/6867"}],"wp:attachment":[{"href":"https:\/\/www.radiopresidenteibanez.cl\/web\/wp-json\/wp\/v2\/media?parent=6866"}],"wp:term":[{"taxonomy":"category","embeddable":true,"href":"https:\/\/www.radiopresidenteibanez.cl\/web\/wp-json\/wp\/v2\/categories?post=6866"},{"taxonomy":"post_tag","embeddable":true,"href":"https:\/\/www.radiopresidenteibanez.cl\/web\/wp-json\/wp\/v2\/tags?post=6866"}],"curies":[{"name":"wp","href":"https:\/\/api.w.org\/{rel}","templated":true}]}}