{"id":6864,"date":"2019-09-06T19:43:35","date_gmt":"2019-09-06T19:43:35","guid":{"rendered":"http:\/\/www.radiopresidenteibanez.cl\/web\/?p=6864"},"modified":"2019-09-06T19:43:41","modified_gmt":"2019-09-06T19:43:41","slug":"unidad-social-de-magallanes-se-refiere-a-la-marcha-ocurrida-ayer-jueves","status":"publish","type":"post","link":"https:\/\/www.radiopresidenteibanez.cl\/web\/unidad-social-de-magallanes-se-refiere-a-la-marcha-ocurrida-ayer-jueves\/","title":{"rendered":"UNIDAD SOCIAL DE MAGALLANES SE REFIERE A LA MARCHA OCURRIDA AYER JUEVES"},"content":{"rendered":"\n<p>\u201cUnidad Social de Magallanes\u201d, valora la masiva convocatoria a la protesta nacional del pasado jueves 5 de septiembre, realizada en la ciudad de Punta Arenas.&nbsp; Creemos que ni la dignidad ni los derechos sociales pisoteados se transan y que la conciencia de las familias magall\u00e1nicas qued\u00f3 expresada, tanto en el acto cultural como en la marcha desarrollada de manera pac\u00edfica.<\/p>\n\n\n\n<p>Hoy, cuando se intenta invisibilizar las razones poderosas del movimiento social, que agrupa a m\u00e1s de 50 organizaciones sociales, queremos decir p\u00fablicamente que estamos m\u00e1s unidos\/as que nunca.&nbsp;<\/p>\n\n\n\n<p>El diagn\u00f3stico sigue siendo cr\u00edtico: precariedad, abusos y p\u00e9rdida sistem\u00e1tica de derechos, desmantelamiento del Estado, jubilaciones que te dejan en la pobreza, falta y acceso a viviendas, ausencia de una educaci\u00f3n p\u00fablica de calidad, desigualdad hacia la mujer, abuso laboral, corrupci\u00f3n, depredaci\u00f3n del medio ambiente.&nbsp; Se trata de m\u00e1s de \u201c500 razones para protestar y m\u00e1s de 500 razones para unirse\u201d.<\/p>\n\n\n\n<p>No obstante,&nbsp;<strong>condenamos la intervenci\u00f3n de un grupo externo al movimiento \u201cUnidad Social de Magallanes\u201d y no compartimos sus formas de movilizaci\u00f3n, agresiones f\u00edsicas, rayado de monumentos.<\/strong>&nbsp; Claramente restan protagonismo, a las demandas colectivas que hoy tiene el pa\u00eds y que nos asfixian en un sistema violento, que a diario vulnera nuestros derechos.<\/p>\n\n\n\n<p>Creemos que las agresiones y la violencia, no contribuyen en lo absoluto, al avance de un movimiento que tiene su coraz\u00f3n y raz\u00f3n de ser en las bases.&nbsp;<\/p>\n\n\n\n<p>De igual forma,&nbsp;<strong>rechazamos el aprovechamiento pol\u00edtico de autoridades, que intentan criminalizar con declaraciones oportunistas, al movimiento social y desvirtuar la justicia de nuestras reivindicaciones, so pretexto de la defensa del patrimonio material de la ciudad. Aclaramos que la ciudad y su patrimonio, es parte de lo que todos\/as queremos y cuidamos, y por lo mismo aspiramos a la construcci\u00f3n de espacios participativos, justos y que fortalezcan la dignidad de nuestra vida en comunidad.<\/strong><\/p>\n\n\n\n<p>A su vez, rechazamos la fuerza desmedida de Carabineros, que no tuvo la capacidad de controlar al peque\u00f1o grupo, separado de la movilizaci\u00f3n, que claramente distorsion\u00f3 el objetivo de la marcha. &nbsp;&nbsp;<\/p>\n\n\n\n<p>Finalmente, reiteramos que seguimos m\u00e1s unidos\/as que nunca y que, por cierto, tenemos m\u00e1s de 500 razones para seguir protestando.<\/p>\n","protected":false},"excerpt":{"rendered":"<p>\u201cUnidad Social de Magallanes\u201d, valora la masiva convocatoria a la protesta nacional del pasado jueves 5 de septiembre, realizada en la ciudad de Punta Arenas.&nbsp; Creemos que ni la dignidad&#8230; <a class=\"read-more\" href=\"https:\/\/www.radiopresidenteibanez.cl\/web\/unidad-social-de-magallanes-se-refiere-a-la-marcha-ocurrida-ayer-jueves\/\">Leer m\u00e1s<\/a><\/p>\n","protected":false},"author":2,"featured_media":6831,"comment_status":"closed","ping_status":"closed","sticky":false,"template":"","format":"standard","meta":{"footnotes":""},"categories":[1],"tags":[],"class_list":["post-6864","post","type-post","status-publish","format-standard","has-post-thumbnail","hentry","category-cronica"],"_links":{"self":[{"href":"https:\/\/www.radiopresidenteibanez.cl\/web\/wp-json\/wp\/v2\/posts\/6864","targetHints":{"allow":["GET"]}}],"collection":[{"href":"https:\/\/www.radiopresidenteibanez.cl\/web\/wp-json\/wp\/v2\/posts"}],"about":[{"href":"https:\/\/www.radiopresidenteibanez.cl\/web\/wp-json\/wp\/v2\/types\/post"}],"author":[{"embeddable":true,"href":"https:\/\/www.radiopresidenteibanez.cl\/web\/wp-json\/wp\/v2\/users\/2"}],"replies":[{"embeddable":true,"href":"https:\/\/www.radiopresidenteibanez.cl\/web\/wp-json\/wp\/v2\/comments?post=6864"}],"version-history":[{"count":0,"href":"https:\/\/www.radiopresidenteibanez.cl\/web\/wp-json\/wp\/v2\/posts\/6864\/revisions"}],"wp:featuredmedia":[{"embeddable":true,"href":"https:\/\/www.radiopresidenteibanez.cl\/web\/wp-json\/wp\/v2\/media\/6831"}],"wp:attachment":[{"href":"https:\/\/www.radiopresidenteibanez.cl\/web\/wp-json\/wp\/v2\/media?parent=6864"}],"wp:term":[{"taxonomy":"category","embeddable":true,"href":"https:\/\/www.radiopresidenteibanez.cl\/web\/wp-json\/wp\/v2\/categories?post=6864"},{"taxonomy":"post_tag","embeddable":true,"href":"https:\/\/www.radiopresidenteibanez.cl\/web\/wp-json\/wp\/v2\/tags?post=6864"}],"curies":[{"name":"wp","href":"https:\/\/api.w.org\/{rel}","templated":true}]}}