{"id":6861,"date":"2019-09-06T19:33:04","date_gmt":"2019-09-06T19:33:04","guid":{"rendered":"http:\/\/www.radiopresidenteibanez.cl\/web\/?p=6861"},"modified":"2019-09-06T19:33:10","modified_gmt":"2019-09-06T19:33:10","slug":"seremi-de-gobierno-s-fabian-mella-ante-los-hechos-ocurridos-en-punta-arenas-como-gobierno-rechazamos-de-forma-categorica-la-violencia-porque-no-es-la-forma-de-manifestarse-en-democrac","status":"publish","type":"post","link":"https:\/\/www.radiopresidenteibanez.cl\/web\/seremi-de-gobierno-s-fabian-mella-ante-los-hechos-ocurridos-en-punta-arenas-como-gobierno-rechazamos-de-forma-categorica-la-violencia-porque-no-es-la-forma-de-manifestarse-en-democrac\/","title":{"rendered":"SEREMI DE GOBIERNO (S), FABI\u00c1N MELLA, ANTE LOS HECHOS OCURRIDOS EN PUNTA ARENAS   \u201cCOMO GOBIERNO RECHAZAMOS DE FORMA CATEG\u00d3RICA LA  VIOLENCIA, PORQUE NO ES LA FORMA DE MANIFESTARSE EN DEMOCRACIA\u201d"},"content":{"rendered":"\n<p>\u201cComo Gobierno rechazamos de\nforma categ\u00f3rica la violencia, porque la violencia no es la forma de\nmanifestarse en Democracia\u201d, con estas palabras el seremi de Gobierno (s),\nFabi\u00e1n Mella, se refiri\u00f3 a los lamentables hechos que se vivieron en la Plaza\nde Armas de Punta Arenas la noche de ayer, tras la marcha convocado por\norganizaciones sociales. <\/p>\n\n\n\n<p>El vocero del gobierno regional\n(s) que estuvo en el lugar de los hechos por instrucci\u00f3n del intendente Jos\u00e9\nFern\u00e1ndez, se\u00f1al\u00f3 que la marcha se hab\u00eda desarrollado de manera pac\u00edfica, sin\ninconvenientes y que incluso, hab\u00eda personas de distintas edades, ni\u00f1os y\nadultos mayores en lugar, mientras, Carabineros se preocupaba del orden\np\u00fablico. <\/p>\n\n\n\n<p>La autoridad a\u00f1adi\u00f3 que \u201clas\ndiferencias leg\u00edtimas en Democracia se manifiestan de una manera distinta y no\na trav\u00e9s de la fuerza. No podemos abrirle la puerta a la violencia en\nMagallanes, porque cerrarla va a ser muy dif\u00edcil, y nuestra regi\u00f3n se construye\nen base a di\u00e1logo, trabajo y progreso\u201d, sostuvo el seremi Mella.<\/p>\n\n\n\n<p><strong>\u201cLa condena tiene que ser transversal tanto del <\/strong><\/p>\n\n\n\n<p><strong>mundo pol\u00edtico, de la prensa y de la sociedad civil\u201d <\/strong><\/p>\n\n\n\n<p>La preocupaci\u00f3n del Gobierno ante\nlos hechos ocurridos fue desde el primer momento. As\u00ed el seremi de Gobierno (s)\npor encargo del intendente Fern\u00e1ndez se traslad\u00f3 hasta el Hospital Cl\u00ednico anoche\npara conocer el estado de salud de los funcionarios de Carabineros, as\u00ed como\ndel periodista de diario El Ping\u00fcino que tambi\u00e9n fue atacado, y esta ma\u00f1ana se\ncontact\u00f3 con el presidente regional del Partido Comunista, Dalivor Eterovic, a\nquien le transmiti\u00f3 la solidaridad del Gobierno ante la agresi\u00f3n que sufri\u00f3.<\/p>\n\n\n\n<p>\u201cEn esto no pueden haber dobleces\ny de todos los sectores pol\u00edticos tenemos que estar unidos contra la violencia.\nLa condena tiene que ser transversal tanto del mundo pol\u00edtico, de la prensa y\nde la sociedad civil\u201d, dijo el seremi.<\/p>\n\n\n\n<p>A primera hora de este viernes se\nreuni\u00f3 el intendente Jos\u00e9 Fern\u00e1ndez, el gobernador de la provincia de\nMagallanes, Homero Villegas, el seremi de Gobierno (s), Fabi\u00e1n Mella y el\ncoronel Ricardo Rubat, jefe de la Prefectura Magallanes, para analizar los\nhechos ocurridos en cuanto a los detenidos y personas heridas.<\/p>\n\n\n\n<p>\u201cPor lo pronto Carabineros\ninform\u00f3 que presentar\u00e1 una querella contra los autores de las agresiones de que\nfueron objeto los efectivos policiales\u201d, indic\u00f3 Mella.<\/p>\n\n\n\n<p>Finalmente las autoridades\nregionales se acercaron a primera hora a la Plaza de Armas a agradecerles a los\ntrabajadores de la empresa \u00c1reas Verdes del municipio, que se encontraban\nlimpiando el monumento da\u00f1ado.<\/p>\n","protected":false},"excerpt":{"rendered":"<p>\u201cComo Gobierno rechazamos de forma categ\u00f3rica la violencia, porque la violencia no es la forma de manifestarse en Democracia\u201d, con estas palabras el seremi de Gobierno (s), Fabi\u00e1n Mella, se&#8230; <a class=\"read-more\" href=\"https:\/\/www.radiopresidenteibanez.cl\/web\/seremi-de-gobierno-s-fabian-mella-ante-los-hechos-ocurridos-en-punta-arenas-como-gobierno-rechazamos-de-forma-categorica-la-violencia-porque-no-es-la-forma-de-manifestarse-en-democrac\/\">Leer m\u00e1s<\/a><\/p>\n","protected":false},"author":2,"featured_media":6862,"comment_status":"closed","ping_status":"closed","sticky":false,"template":"","format":"standard","meta":{"footnotes":""},"categories":[1],"tags":[],"class_list":["post-6861","post","type-post","status-publish","format-standard","has-post-thumbnail","hentry","category-cronica"],"_links":{"self":[{"href":"https:\/\/www.radiopresidenteibanez.cl\/web\/wp-json\/wp\/v2\/posts\/6861","targetHints":{"allow":["GET"]}}],"collection":[{"href":"https:\/\/www.radiopresidenteibanez.cl\/web\/wp-json\/wp\/v2\/posts"}],"about":[{"href":"https:\/\/www.radiopresidenteibanez.cl\/web\/wp-json\/wp\/v2\/types\/post"}],"author":[{"embeddable":true,"href":"https:\/\/www.radiopresidenteibanez.cl\/web\/wp-json\/wp\/v2\/users\/2"}],"replies":[{"embeddable":true,"href":"https:\/\/www.radiopresidenteibanez.cl\/web\/wp-json\/wp\/v2\/comments?post=6861"}],"version-history":[{"count":0,"href":"https:\/\/www.radiopresidenteibanez.cl\/web\/wp-json\/wp\/v2\/posts\/6861\/revisions"}],"wp:featuredmedia":[{"embeddable":true,"href":"https:\/\/www.radiopresidenteibanez.cl\/web\/wp-json\/wp\/v2\/media\/6862"}],"wp:attachment":[{"href":"https:\/\/www.radiopresidenteibanez.cl\/web\/wp-json\/wp\/v2\/media?parent=6861"}],"wp:term":[{"taxonomy":"category","embeddable":true,"href":"https:\/\/www.radiopresidenteibanez.cl\/web\/wp-json\/wp\/v2\/categories?post=6861"},{"taxonomy":"post_tag","embeddable":true,"href":"https:\/\/www.radiopresidenteibanez.cl\/web\/wp-json\/wp\/v2\/tags?post=6861"}],"curies":[{"name":"wp","href":"https:\/\/api.w.org\/{rel}","templated":true}]}}