{"id":68573,"date":"2026-09-06T17:33:00","date_gmt":"2026-09-06T20:33:00","guid":{"rendered":"https:\/\/www.radiopresidenteibanez.cl\/web\/?p=68573"},"modified":"2026-09-06T11:35:23","modified_gmt":"2026-09-06T14:35:23","slug":"cft-de-magallanes-proyecta-iniciar-clases-en-puerto-williams-en-2027","status":"publish","type":"post","link":"https:\/\/www.radiopresidenteibanez.cl\/web\/cft-de-magallanes-proyecta-iniciar-clases-en-puerto-williams-en-2027\/","title":{"rendered":"CFT de Magallanes proyecta iniciar clases en Puerto Williams en 2027\u00a0"},"content":{"rendered":"\n<p class=\"wp-block-paragraph\">Un importante avance para ampliar el acceso a la educaci\u00f3n superior en Puerto Williams se concret\u00f3 tras la reuni\u00f3n entre el delegado presidencial provincial de la Ant\u00e1rtica Chilena, Rodolfo Moncada Salazar, y la rectora del CFT de Magallanes, Valeria Gallardo Abello.&nbsp;<\/p>\n\n\n\n<p class=\"wp-block-paragraph\">La instituci\u00f3n estatal busca extender su presencia a la Provincia Ant\u00e1rtica Chilena mediante una oferta acad\u00e9mica que responda a las necesidades del territorio. Para ello, se realizar\u00e1 un levantamiento junto a la Delegaci\u00f3n Presidencial, la Municipalidad de Cabo de Hornos y otros actores locales, considerando inicialmente \u00e1reas como administraci\u00f3n, log\u00edstica y actividad portuaria.&nbsp;<\/p>\n\n\n\n<p class=\"wp-block-paragraph\">El delegado presidencial provincial de la Ant\u00e1rtica Chilena, Rodolfo Moncada Salazar, destac\u00f3 la disposici\u00f3n del CFT para avanzar en esta iniciativa. \u201cNosotros estamos muy contentos con esto, siempre dispuestos a colaborar y a impulsar a que finalmente llegue el Centro de Formaci\u00f3n T\u00e9cnica a Puerto Williams\u201d, manifest\u00f3.&nbsp;<\/p>\n\n\n\n<p class=\"wp-block-paragraph\"><strong>Carrera piloto en 2027&nbsp;<\/strong><\/p>\n\n\n\n<p class=\"wp-block-paragraph\">La propuesta considera modalidades presenciales y semipresenciales, aprovechando adem\u00e1s el capital humano existente en la ciudad de Isla Navarino. \u201cHay una serie de profesionales hoy d\u00eda en Puerto Williams que perfectamente pueden suplir la demanda de un docente. Eso facilita mucho las cosas, porque baja los costos y hace m\u00e1s viables las carreras que pueden tener virtualidad y los d\u00edas que necesiten a una persona, perfectamente puede ser un profesional, un ingeniero, un administrativo o un t\u00e9cnico de Puerto Williams que imparta las clases presenciales\u201d, complement\u00f3 la m\u00e1xima autoridad provincial.&nbsp;<\/p>\n\n\n\n<p class=\"wp-block-paragraph\">A esto se suma la posibilidad de certificar competencias laborales a trav\u00e9s del Centro de Evaluaci\u00f3n de Competencias Laborales que rige en el CFT mediante la certificaci\u00f3n ChileValora, en sus tres perfiles disponibles: instalador el\u00e9ctrico clase D, gu\u00eda tur\u00edstico y cuidador primario. \u201cSi levantamos la necesidad, podemos empezar a trabajar a corto plazo, o sea en un par de meses, y podr\u00edamos estar participando con la comunidad, viendo que llegamos a favorecer esas din\u00e1micas para el desarrollo de Puerto Williams (\u2026). Lo que hacemos es certificar que la persona que hace ese oficio tenga las habilidades y el conocimiento para hacerlo sin riesgo, quedando habilitado para ello y mejorar su empleabilidad\u201d, explic\u00f3 Gallardo.&nbsp;<\/p>\n\n\n\n<p class=\"wp-block-paragraph\">Para facilitar la implementaci\u00f3n, durante la reuni\u00f3n tambi\u00e9n se abord\u00f3 la disponibilidad de infraestructura existente en Puerto Williams, incluyendo la eventual utilizaci\u00f3n de dependencias del Centro Subant\u00e1rtico Cabo de Hornos, alternativa que deber\u00e1 ser evaluada junto a la Universidad de Magallanes.&nbsp;<\/p>\n\n\n\n<p class=\"wp-block-paragraph\">\u201cTenemos una infraestructura hoy d\u00eda muy buena en el Centro Subant\u00e1rtico y la verdad que necesitamos que se le d\u00e9 uso. Cualquier instituci\u00f3n de educaci\u00f3n que quiera aprovechar esos espacios es bienvenida\u201d, sostuvo el delegado Moncada.&nbsp;<\/p>\n\n\n\n<p class=\"wp-block-paragraph\">Tras la reuni\u00f3n, el CFT asumi\u00f3 el compromiso de elaborar un plan con fechas, responsables y objetivos, con miras a que el pr\u00f3ximo a\u00f1o se concrete al menos un piloto de formaci\u00f3n t\u00e9cnica en Puerto Williams. \u201cLa idea es que podamos ya ofertar para el 2027 la carrera presencial o las dos semipresenciales. La idea es que ya el 2027 tengamos por lo menos un piloto\u201d, confirm\u00f3 la rectora.&nbsp;<\/p>\n\n\n\n<p class=\"wp-block-paragraph\"><strong>Sobre el CFT de Magallanes&nbsp;<\/strong><\/p>\n\n\n\n<p class=\"wp-block-paragraph\">El Centro de Formaci\u00f3n T\u00e9cnica Estatal de Magallanes y Ant\u00e1rtica Chilena fue creado en 2016 como parte de la pol\u00edtica nacional de fortalecimiento de la educaci\u00f3n superior t\u00e9cnico-profesional y comenz\u00f3 sus actividades acad\u00e9micas en 2018. Su primera sede se instal\u00f3 en Porvenir, en Tierra del Fuego, con el prop\u00f3sito de ampliar las oportunidades de formaci\u00f3n t\u00e9cnica en la regi\u00f3n.&nbsp;<\/p>\n\n\n\n<p class=\"wp-block-paragraph\">Desde entonces, la instituci\u00f3n ha avanzado en su expansi\u00f3n territorial y actualmente proyecta su presencia en Puerto Natales y Punta Arenas, con una oferta orientada a las necesidades productivas de Magallanes. Como CFT estatal y sin fines de lucro, su misi\u00f3n es facilitar el acceso a educaci\u00f3n t\u00e9cnica de nivel superior, especialmente en territorios donde existen mayores dificultades para acceder a este tipo de formaci\u00f3n.&nbsp;<\/p>\n\n\n\n<p class=\"wp-block-paragraph\">En ese marco se inserta la proyecci\u00f3n de llegada a Puerto Williams, iniciativa que busca ampliar las oportunidades de formaci\u00f3n y certificaci\u00f3n de competencias laborales para los habitantes de la Provincia Ant\u00e1rtica Chilena<\/p>\n","protected":false},"excerpt":{"rendered":"<p>Un importante avance para ampliar el acceso a la educaci\u00f3n superior en Puerto Williams se concret\u00f3 tras la reuni\u00f3n entre el delegado presidencial provincial de la Ant\u00e1rtica Chilena, Rodolfo Moncada&#8230; <a class=\"read-more\" href=\"https:\/\/www.radiopresidenteibanez.cl\/web\/cft-de-magallanes-proyecta-iniciar-clases-en-puerto-williams-en-2027\/\">Leer m\u00e1s<\/a><\/p>\n","protected":false},"author":2,"featured_media":68574,"comment_status":"closed","ping_status":"closed","sticky":false,"template":"","format":"standard","meta":{"footnotes":""},"categories":[1],"tags":[],"class_list":["post-68573","post","type-post","status-publish","format-standard","has-post-thumbnail","hentry","category-cronica"],"_links":{"self":[{"href":"https:\/\/www.radiopresidenteibanez.cl\/web\/wp-json\/wp\/v2\/posts\/68573","targetHints":{"allow":["GET"]}}],"collection":[{"href":"https:\/\/www.radiopresidenteibanez.cl\/web\/wp-json\/wp\/v2\/posts"}],"about":[{"href":"https:\/\/www.radiopresidenteibanez.cl\/web\/wp-json\/wp\/v2\/types\/post"}],"author":[{"embeddable":true,"href":"https:\/\/www.radiopresidenteibanez.cl\/web\/wp-json\/wp\/v2\/users\/2"}],"replies":[{"embeddable":true,"href":"https:\/\/www.radiopresidenteibanez.cl\/web\/wp-json\/wp\/v2\/comments?post=68573"}],"version-history":[{"count":1,"href":"https:\/\/www.radiopresidenteibanez.cl\/web\/wp-json\/wp\/v2\/posts\/68573\/revisions"}],"predecessor-version":[{"id":68575,"href":"https:\/\/www.radiopresidenteibanez.cl\/web\/wp-json\/wp\/v2\/posts\/68573\/revisions\/68575"}],"wp:featuredmedia":[{"embeddable":true,"href":"https:\/\/www.radiopresidenteibanez.cl\/web\/wp-json\/wp\/v2\/media\/68574"}],"wp:attachment":[{"href":"https:\/\/www.radiopresidenteibanez.cl\/web\/wp-json\/wp\/v2\/media?parent=68573"}],"wp:term":[{"taxonomy":"category","embeddable":true,"href":"https:\/\/www.radiopresidenteibanez.cl\/web\/wp-json\/wp\/v2\/categories?post=68573"},{"taxonomy":"post_tag","embeddable":true,"href":"https:\/\/www.radiopresidenteibanez.cl\/web\/wp-json\/wp\/v2\/tags?post=68573"}],"curies":[{"name":"wp","href":"https:\/\/api.w.org\/{rel}","templated":true}]}}