{"id":68570,"date":"2026-09-06T15:43:00","date_gmt":"2026-09-06T18:43:00","guid":{"rendered":"https:\/\/www.radiopresidenteibanez.cl\/web\/?p=68570"},"modified":"2026-09-06T11:33:09","modified_gmt":"2026-09-06T14:33:09","slug":"estudiantes-presentaron-y-socializaron-sus-proyectos-de-investigacion-e-innovacion-escolar-en-congreso-regional-explora-2026","status":"publish","type":"post","link":"https:\/\/www.radiopresidenteibanez.cl\/web\/estudiantes-presentaron-y-socializaron-sus-proyectos-de-investigacion-e-innovacion-escolar-en-congreso-regional-explora-2026\/","title":{"rendered":"Estudiantes presentaron y socializaron sus proyectos de investigaci\u00f3n e Innovaci\u00f3n Escolar en Congreso Regional Explora 2026"},"content":{"rendered":"\n<p class=\"wp-block-paragraph\">M\u00e1s de 100 estudiantes de distintos establecimientos educacionales de la regi\u00f3n<br>junto a sus docentes, participaron del \u201cCongreso Regional de Investigaci\u00f3n e<br>Innovaci\u00f3n Escolar 2026\u201d, realizado las dependencias del liceo Sara Braun.<br>La actividad se dividi\u00f3 en dos jornadas (educaci\u00f3n b\u00e1sica y media) y estuvo<br>enmarcada en el Instrumento de Investigaci\u00f3n e Innovaci\u00f3n Escolar , siendo una<br>iniciativa financiada por el Programa Explora del Ministerio de Ciencia,<br>Tecnolog\u00eda, Conocimiento e Innovaci\u00f3n y ejecutado por la Universidad de<br>Magallanes.<br>Esta instancia busco promover el intercambio de experiencias, la socializaci\u00f3n de<br>proyectos y el fortalecimiento de competencias cient\u00edficas en estudiantes y<br>docentes, contribuyendo al desarrollo del ecosistema CTCI regional. Para lo cual,<br>estuvieron profesionales asesorando los proyectos.<br>La directora ejecutiva del PAR Explora Magallanes, Claudia Salinas, se\u00f1al\u00f3 que:<br>\u201cEstamos muy contentos y satisfechos con estas dos jornadas del Congreso<br>Regional de Investigaci\u00f3n e Innovaci\u00f3n Escolar. Fueron 2 jornadas en las que<br>pudimos conocer las presentaciones de los distintos proyectos que llegaron desde<br>Puerto Williams hasta Punta Arenas, tanto de ense\u00f1anza b\u00e1sica como media.<br>Estamos muy satisfechos porque los y las estudiantes pudieron socializar sus<br>proyectos entre sus pares, contando con el apoyo de sus asesores y asesoras<br>cient\u00edficas, quienes les permitieron aclarar sus dudas, intercambiar experiencias y<br>mostrar los avances de sus investigaciones\u201d.<br>Uno de los asesores y acad\u00e9mico de la universidad de Magallanes y del<br>Departamento de Ciencias Agropecuarias y Acu\u00edcolas, Pedro Herve se\u00f1al\u00f3 que \u201c<br>me toc\u00f3 apoyar a un proyecto que proveniente de la Ciudad de Puerto Williams,<br>muy interesante relacionando a distintos hongos y sus tratos que pueden utilizar<br>para su crecimiento. En cuanto al dise\u00f1o y la idea es muy buena. La verdad, se<br>nota que los chicos han trabajado bastante para lograr y estar ac\u00e1 en esta<br>presentaci\u00f3n. Siempre me ha gustado apoyar en este tipo de iniciativas\u201d.<br>Para los estudiantes participantes fue una experiencia muy satisfactoria. Una de<br>ellos fue Antonia Silvia del INSAFA, se\u00f1alo que\u201d esta experiencia muy buena ,<br>porque pudimos compartir con otras comunidades, con colegios de otros lugares y<br>poder compartir en qu\u00e9 proyecto estamos trabajando que en nuestro caso son las<br>\u201cMicroalgas\u201d y adem\u00e1s poder conocernos entre todos\u201d. Otro de ellos Alexis<br>Jaramillo del Liceo Juan Bautista Contardi se\u00f1al\u00f3 que \u201cesta experiencia ha sido<br>bastante linda, es algo que yo estoy probando por primera vez y ha sido bastante<br>interesante y aprendiendo el proceso que es bien bonito\u201d.<\/p>\n\n\n\n<p class=\"wp-block-paragraph\">Finalmente, a cada equipo se les entreg\u00f3 que un reconocimiento por su<br>participaci\u00f3n, recibiendo un galvano para su establecimiento educacional.<\/p>\n","protected":false},"excerpt":{"rendered":"<p>M\u00e1s de 100 estudiantes de distintos establecimientos educacionales de la regi\u00f3njunto a sus docentes, participaron del \u201cCongreso Regional de Investigaci\u00f3n eInnovaci\u00f3n Escolar 2026\u201d, realizado las dependencias del liceo Sara Braun.La&#8230; <a class=\"read-more\" href=\"https:\/\/www.radiopresidenteibanez.cl\/web\/estudiantes-presentaron-y-socializaron-sus-proyectos-de-investigacion-e-innovacion-escolar-en-congreso-regional-explora-2026\/\">Leer m\u00e1s<\/a><\/p>\n","protected":false},"author":2,"featured_media":68571,"comment_status":"closed","ping_status":"closed","sticky":false,"template":"","format":"standard","meta":{"footnotes":""},"categories":[1],"tags":[],"class_list":["post-68570","post","type-post","status-publish","format-standard","has-post-thumbnail","hentry","category-cronica"],"_links":{"self":[{"href":"https:\/\/www.radiopresidenteibanez.cl\/web\/wp-json\/wp\/v2\/posts\/68570","targetHints":{"allow":["GET"]}}],"collection":[{"href":"https:\/\/www.radiopresidenteibanez.cl\/web\/wp-json\/wp\/v2\/posts"}],"about":[{"href":"https:\/\/www.radiopresidenteibanez.cl\/web\/wp-json\/wp\/v2\/types\/post"}],"author":[{"embeddable":true,"href":"https:\/\/www.radiopresidenteibanez.cl\/web\/wp-json\/wp\/v2\/users\/2"}],"replies":[{"embeddable":true,"href":"https:\/\/www.radiopresidenteibanez.cl\/web\/wp-json\/wp\/v2\/comments?post=68570"}],"version-history":[{"count":1,"href":"https:\/\/www.radiopresidenteibanez.cl\/web\/wp-json\/wp\/v2\/posts\/68570\/revisions"}],"predecessor-version":[{"id":68572,"href":"https:\/\/www.radiopresidenteibanez.cl\/web\/wp-json\/wp\/v2\/posts\/68570\/revisions\/68572"}],"wp:featuredmedia":[{"embeddable":true,"href":"https:\/\/www.radiopresidenteibanez.cl\/web\/wp-json\/wp\/v2\/media\/68571"}],"wp:attachment":[{"href":"https:\/\/www.radiopresidenteibanez.cl\/web\/wp-json\/wp\/v2\/media?parent=68570"}],"wp:term":[{"taxonomy":"category","embeddable":true,"href":"https:\/\/www.radiopresidenteibanez.cl\/web\/wp-json\/wp\/v2\/categories?post=68570"},{"taxonomy":"post_tag","embeddable":true,"href":"https:\/\/www.radiopresidenteibanez.cl\/web\/wp-json\/wp\/v2\/tags?post=68570"}],"curies":[{"name":"wp","href":"https:\/\/api.w.org\/{rel}","templated":true}]}}