{"id":6857,"date":"2019-09-06T16:46:08","date_gmt":"2019-09-06T16:46:08","guid":{"rendered":"http:\/\/www.radiopresidenteibanez.cl\/web\/?p=6857"},"modified":"2019-09-06T16:46:14","modified_gmt":"2019-09-06T16:46:14","slug":"pdi-se-prepara-para-la-88-asamblea-general-de-interpol-en-chile","status":"publish","type":"post","link":"https:\/\/www.radiopresidenteibanez.cl\/web\/pdi-se-prepara-para-la-88-asamblea-general-de-interpol-en-chile\/","title":{"rendered":"PDI SE PREPARA PARA LA 88\u00b0 ASAMBLEA GENERAL DE INTERPOL EN CHILE"},"content":{"rendered":"\n<p>Entre el 15 y el 18 de octubre,\nChile ser\u00e1 anfitri\u00f3n por primera vez en la historia del pa\u00eds, de la Asamblea\nGeneral de Interpol, la cual re\u00fane a representantes de las polic\u00edas y diversas\nautoridades de los 194 pa\u00edses miembros de esta organizaci\u00f3n internacional. <\/p>\n\n\n\n<p>La elecci\u00f3n de Chile en la\norganizaci\u00f3n de este encuentro se concret\u00f3 hace dos a\u00f1os en la Asamblea\norganizada en Beijing. Fue en dicha instancia que se confirm\u00f3 a nuestro pa\u00eds\ncomo sede del encuentro n\u00famero 88 debido a factores como la seguridad,\nestabilidad econ\u00f3mica y social del pa\u00eds.<\/p>\n\n\n\n<p>Hace 75 a\u00f1os, la Polic\u00eda de\nInvestigaciones de Chile, forma parte y representa a nuestro pa\u00eds ante Interpol,\nimportante organismo internacional cuyo objetivo es responder todos los\nrequerimientos judiciales, de asistencia penal internacional, verificaci\u00f3n de\nidentidad, antecedentes penales, entre otros requerimientos internacionales de\nlos pa\u00edses miembros.<\/p>\n\n\n\n<p>En Chile, se trabaja a trav\u00e9s de\nla Oficina Central Nacional Santiago (OCN Interpol) de la PDI, quienes son los\nencargados de facilitar la cooperaci\u00f3n policial m\u00e1s all\u00e1 del territorio\nnacional, a la vez asistir y ayudar a todas las unidades policiales, autoridades\ngubernamentales y servicios que tienen como fin combatir la delincuencia.<\/p>\n\n\n\n<p>La Asamblea General, que se\nrealizar\u00e1 en octubre en Santiago, permitir\u00e1 a las polic\u00edas compartir\nconocimiento, experiencias y proyecci\u00f3n de escenarios ante una criminalidad compleja,\ndin\u00e1mica y de caracter\u00edsticas transnacionales. Algunas de las grandes \u00e1reas a\ntratar son: terrorismo, crimen organizado y ciberdelitos, ya que constituyen\nuna inquietud de todos los pa\u00edses que son parte del encuentro.<\/p>\n\n\n\n<p>Se incorporar\u00e1n tambi\u00e9n temas que\nest\u00e9n marcando fen\u00f3menos en investigaci\u00f3n criminal, como tambi\u00e9n se buscar\u00e1 el\nintercambio de experiencias en la utilizaci\u00f3n de las diferentes herramientas\nque ofrece Interpol para combatir diferentes delitos. Adem\u00e1s, el\nfortalecimiento de los lazos entre las fuerzas policiales de las diferentes\nregiones del mundo, es uno de los principales objetivos de esta Asamblea\nGeneral.<\/p>\n","protected":false},"excerpt":{"rendered":"<p>Entre el 15 y el 18 de octubre, Chile ser\u00e1 anfitri\u00f3n por primera vez en la historia del pa\u00eds, de la Asamblea General de Interpol, la cual re\u00fane a representantes&#8230; <a class=\"read-more\" href=\"https:\/\/www.radiopresidenteibanez.cl\/web\/pdi-se-prepara-para-la-88-asamblea-general-de-interpol-en-chile\/\">Leer m\u00e1s<\/a><\/p>\n","protected":false},"author":2,"featured_media":6858,"comment_status":"closed","ping_status":"closed","sticky":false,"template":"","format":"standard","meta":{"footnotes":""},"categories":[1],"tags":[],"class_list":["post-6857","post","type-post","status-publish","format-standard","has-post-thumbnail","hentry","category-cronica"],"_links":{"self":[{"href":"https:\/\/www.radiopresidenteibanez.cl\/web\/wp-json\/wp\/v2\/posts\/6857","targetHints":{"allow":["GET"]}}],"collection":[{"href":"https:\/\/www.radiopresidenteibanez.cl\/web\/wp-json\/wp\/v2\/posts"}],"about":[{"href":"https:\/\/www.radiopresidenteibanez.cl\/web\/wp-json\/wp\/v2\/types\/post"}],"author":[{"embeddable":true,"href":"https:\/\/www.radiopresidenteibanez.cl\/web\/wp-json\/wp\/v2\/users\/2"}],"replies":[{"embeddable":true,"href":"https:\/\/www.radiopresidenteibanez.cl\/web\/wp-json\/wp\/v2\/comments?post=6857"}],"version-history":[{"count":0,"href":"https:\/\/www.radiopresidenteibanez.cl\/web\/wp-json\/wp\/v2\/posts\/6857\/revisions"}],"wp:featuredmedia":[{"embeddable":true,"href":"https:\/\/www.radiopresidenteibanez.cl\/web\/wp-json\/wp\/v2\/media\/6858"}],"wp:attachment":[{"href":"https:\/\/www.radiopresidenteibanez.cl\/web\/wp-json\/wp\/v2\/media?parent=6857"}],"wp:term":[{"taxonomy":"category","embeddable":true,"href":"https:\/\/www.radiopresidenteibanez.cl\/web\/wp-json\/wp\/v2\/categories?post=6857"},{"taxonomy":"post_tag","embeddable":true,"href":"https:\/\/www.radiopresidenteibanez.cl\/web\/wp-json\/wp\/v2\/tags?post=6857"}],"curies":[{"name":"wp","href":"https:\/\/api.w.org\/{rel}","templated":true}]}}