{"id":68567,"date":"2026-09-06T13:28:00","date_gmt":"2026-09-06T16:28:00","guid":{"rendered":"https:\/\/www.radiopresidenteibanez.cl\/web\/?p=68567"},"modified":"2026-09-06T11:30:50","modified_gmt":"2026-09-06T14:30:50","slug":"familias-conocieron-la-vivienda-piloto-de-sus-futuros-hogares-en-puerto-natales","status":"publish","type":"post","link":"https:\/\/www.radiopresidenteibanez.cl\/web\/familias-conocieron-la-vivienda-piloto-de-sus-futuros-hogares-en-puerto-natales\/","title":{"rendered":"Familias conocieron la vivienda piloto de sus futuros hogares en Puerto Natales"},"content":{"rendered":"\n<p class=\"wp-block-paragraph\">Un importante hito en el camino hacia la casa propia, tuvieron las familias del proyecto habitacional Glaciar Pingo, quienes este viernes conocieron la casa piloto y pudieron recorrer los espacios y terminaciones que tendr\u00e1n sus futuros hogares, en el conjunto que construye el Ministerio de Vivienda y Urbanismo (Minvu) en Puerto Natales.<\/p>\n\n\n\n<p class=\"wp-block-paragraph\">La actividad forma parte del proceso de acompa\u00f1amiento social que tienen los proyectos del Minvu y se realiz\u00f3 cuando las obras alcanzan un 45% de avance f\u00edsico. La iniciativa permitir\u00e1 que 159 familias accedan a una soluci\u00f3n habitacional definitiva y considera una inversi\u00f3n superior a los 18 mil millones de pesos, con financiamiento del ministerio y el Gobierno Regional.<\/p>\n\n\n\n<p class=\"wp-block-paragraph\">Durante el recorrido, el seremi de Vivienda y Urbanismo, Rodolfo Guajardo Barr\u00eda, destac\u00f3 la calidad de las viviendas y el trabajo de supervisi\u00f3n que desarrolla el Serviu durante la ejecuci\u00f3n del proyecto.<\/p>\n\n\n\n<p class=\"wp-block-paragraph\">\u201cEstamos contentos con la calidad constructiva que nos est\u00e1 mostrando la empresa. Antes de realizar esta visita con las familias hicimos una revisi\u00f3n y pudimos apreciar que las condiciones est\u00e1n de acuerdo con las especificaciones t\u00e9cnicas y los planos. Eso nos da tranquilidad como autoridad y tambi\u00e9n a las familias, porque estamos buscando entregar un producto de calidad para las personas de Puerto Natales\u201d, se\u00f1al\u00f3 el seremi, destacando que \u201ccomo ministerio y gobierno del Presidente Jos\u00e9 Antonio Kast, seguimos trabajando para hacer de Chile un pa\u00eds de propietarios\u201d.<\/p>\n\n\n\n<p class=\"wp-block-paragraph\">Por su parte, el director (s) del Serviu Magallanes, Homero Villegas N\u00fa\u00f1ez, valor\u00f3 el estado de ejecuci\u00f3n de las obras y la posibilidad de que las propias familias pudieran conocer el resultado que comienza a tomar forma en terreno.<\/p>\n\n\n\n<p class=\"wp-block-paragraph\">\u201cA esta altura deb\u00edamos llevar aproximadamente un 31% y estamos sobre el 40%: eso habla muy bien de nuestros equipos t\u00e9cnicos. Hoy estamos junto a quienes recibir\u00e1n estas viviendas, recorriendo la casa piloto para que puedan ver c\u00f3mo ser\u00e1 su hogar en el futuro. Esto se enmarca en el mandato que nos dio nuestro ministro Ivan Poduje de hacer de Chile un pa\u00eds de propietarios\u201d, afirm\u00f3 Villegas.<\/p>\n\n\n\n<p class=\"wp-block-paragraph\">El conjunto contempla dos tipolog\u00edas: 153 viviendas de dos pisos, de 53,39 metros cuadrados, y seis viviendas de un piso, de 56,20 metros cuadrados, destinadas a personas con discapacidad o movilidad reducida. Las unidades incorporan calefacci\u00f3n central y soluciones constructivas adaptadas a las condiciones clim\u00e1ticas de Magallanes.<\/p>\n\n\n\n<p class=\"wp-block-paragraph\"><strong>Un sue\u00f1o que comienza a tomar forma<\/strong><strong><\/strong><\/p>\n\n\n\n<p class=\"wp-block-paragraph\">La jornada permiti\u00f3 que las familias pasaran de conocer el proyecto a trav\u00e9s de planos y antecedentes t\u00e9cnicos a recorrer los espacios de una vivienda terminada, dimensionar sus recintos e imaginar c\u00f3mo ser\u00e1 su vida una vez que puedan instalarse en el nuevo barrio.<\/p>\n\n\n\n<p class=\"wp-block-paragraph\">Una de ellas fue Francisca Mancilla, quien destac\u00f3 las caracter\u00edsticas de la vivienda y la emoci\u00f3n que gener\u00f3 entre las futuras propietarias y propietarios poder recorrerla.<\/p>\n\n\n\n<p class=\"wp-block-paragraph\">\u201cEn Natales no hab\u00edamos tenido viviendas de este tipo, m\u00e1s modernas. Los espacios son s\u00faper amplios y uno ya se visualiza. Ya estamos pensando c\u00f3mo decorarla y qu\u00e9 ubicar en cada lugar. Entre nosotros ya nos conocemos, somos todos de Natales, entonces nos da mucha emoci\u00f3n y felicidad recibir nuestra vivienda despu\u00e9s de haber esperado por mucho tiempo\u201d, expres\u00f3.<\/p>\n\n\n\n<p class=\"wp-block-paragraph\">Para Amalia Vera Ch\u00e1vez, la visita tuvo un significado especial despu\u00e9s de m\u00e1s de dos d\u00e9cadas esperando acceder a una vivienda propia. \u201cEs un sue\u00f1o que ya se ve en las manos. Es maravilloso poder venir a ver tu propia casa y sentir que queda menos tiempo. Me gustaron los espacios y especialmente la cocina. Son m\u00e1s de 24 a\u00f1os esperando una vivienda, as\u00ed que es un gran logro\u201d, afirm\u00f3.<\/p>\n\n\n\n<p class=\"wp-block-paragraph\">Glaciar Pingo tambi\u00e9n considera infraestructura y equipamiento para la vida comunitaria, con una Sala de Uso M\u00faltiple de 95,4 metros cuadrados y tres \u00e1reas verdes que suman m\u00e1s de 2.240 metros cuadrados, adem\u00e1s de juegos infantiles, circuito fitness-calistenia, ciclov\u00edas, mobiliario urbano y alumbrado p\u00fablico.<\/p>\n\n\n\n<p class=\"wp-block-paragraph\">Actualmente, las obras avanzan simult\u00e1neamente en distintos sectores del conjunto. Las manzanas A, B, C y H presentan un importante desarrollo exterior e interior; las manzanas D, E y F se encuentran principalmente en partidas de terminaci\u00f3n exterior, mientras que la manzana G contin\u00faa mayoritariamente en obra gruesa. En paralelo, se ejecutan trabajos de urbanizaci\u00f3n y durante septiembre se proyecta avanzar con las instalaciones de gas y las obras de pavimentaci\u00f3n.<\/p>\n\n\n\n<p class=\"wp-block-paragraph\">Las obras comenzaron en agosto de 2025 y su t\u00e9rmino contractual est\u00e1 previsto para agosto de 2027, cuando Glaciar Pingo se transforme en un nuevo barrio para 159 familias de Puerto Natales.<\/p>\n","protected":false},"excerpt":{"rendered":"<p>Un importante hito en el camino hacia la casa propia, tuvieron las familias del proyecto habitacional Glaciar Pingo, quienes este viernes conocieron la casa piloto y pudieron recorrer los espacios&#8230; <a class=\"read-more\" href=\"https:\/\/www.radiopresidenteibanez.cl\/web\/familias-conocieron-la-vivienda-piloto-de-sus-futuros-hogares-en-puerto-natales\/\">Leer m\u00e1s<\/a><\/p>\n","protected":false},"author":2,"featured_media":68568,"comment_status":"closed","ping_status":"closed","sticky":false,"template":"","format":"standard","meta":{"footnotes":""},"categories":[1],"tags":[],"class_list":["post-68567","post","type-post","status-publish","format-standard","has-post-thumbnail","hentry","category-cronica"],"_links":{"self":[{"href":"https:\/\/www.radiopresidenteibanez.cl\/web\/wp-json\/wp\/v2\/posts\/68567","targetHints":{"allow":["GET"]}}],"collection":[{"href":"https:\/\/www.radiopresidenteibanez.cl\/web\/wp-json\/wp\/v2\/posts"}],"about":[{"href":"https:\/\/www.radiopresidenteibanez.cl\/web\/wp-json\/wp\/v2\/types\/post"}],"author":[{"embeddable":true,"href":"https:\/\/www.radiopresidenteibanez.cl\/web\/wp-json\/wp\/v2\/users\/2"}],"replies":[{"embeddable":true,"href":"https:\/\/www.radiopresidenteibanez.cl\/web\/wp-json\/wp\/v2\/comments?post=68567"}],"version-history":[{"count":1,"href":"https:\/\/www.radiopresidenteibanez.cl\/web\/wp-json\/wp\/v2\/posts\/68567\/revisions"}],"predecessor-version":[{"id":68569,"href":"https:\/\/www.radiopresidenteibanez.cl\/web\/wp-json\/wp\/v2\/posts\/68567\/revisions\/68569"}],"wp:featuredmedia":[{"embeddable":true,"href":"https:\/\/www.radiopresidenteibanez.cl\/web\/wp-json\/wp\/v2\/media\/68568"}],"wp:attachment":[{"href":"https:\/\/www.radiopresidenteibanez.cl\/web\/wp-json\/wp\/v2\/media?parent=68567"}],"wp:term":[{"taxonomy":"category","embeddable":true,"href":"https:\/\/www.radiopresidenteibanez.cl\/web\/wp-json\/wp\/v2\/categories?post=68567"},{"taxonomy":"post_tag","embeddable":true,"href":"https:\/\/www.radiopresidenteibanez.cl\/web\/wp-json\/wp\/v2\/tags?post=68567"}],"curies":[{"name":"wp","href":"https:\/\/api.w.org\/{rel}","templated":true}]}}