{"id":68564,"date":"2026-09-06T11:28:35","date_gmt":"2026-09-06T14:28:35","guid":{"rendered":"https:\/\/www.radiopresidenteibanez.cl\/web\/?p=68564"},"modified":"2026-09-06T11:28:36","modified_gmt":"2026-09-06T14:28:36","slug":"escuela-nicolas-mladinic-de-puerto-natales-se-adjudica-fondo-para-transformar-su-invernadero-en-un-modelo-de-inclusion","status":"publish","type":"post","link":"https:\/\/www.radiopresidenteibanez.cl\/web\/escuela-nicolas-mladinic-de-puerto-natales-se-adjudica-fondo-para-transformar-su-invernadero-en-un-modelo-de-inclusion\/","title":{"rendered":"Escuela Nicol\u00e1s Mladinic de Puerto Natales se adjudica fondo para transformar su invernadero en un modelo de inclusi\u00f3n"},"content":{"rendered":"\n<p class=\"wp-block-paragraph\">El Centro de Padres, Madres y Apoderados de la Escuela Diferencial Nicol\u00e1s<br>Mladinic se adjudic\u00f3 la suma de seis millones de pesos aportados por el Fondo de<br>Protecci\u00f3n Ambiental (FPA) 2026 para financiar la ejecuci\u00f3n de su innovador<br>proyecto \u00abEco-Invernadero Comunitario Inclusivo\u00bb.<br>Esta iniciativa, dise\u00f1ada en colaboraci\u00f3n con la docente de la escuela M\u00f3nica<br>Soto, tiene como prop\u00f3sito transformar la actual infraestructura del invernadero de<br>la escuela en un espacio adaptado a las necesidades de aprendizaje y bienestar<br>de la comunidad escolar.<br>Considera la rehabilitaci\u00f3n integral de la infraestructura del invernadero escolar,<br>implementando rampas de acceso y rutas internas con superficies firmes y<br>antideslizantes para asegurar un desplazamiento c\u00f3modo y aut\u00f3nomo de<br>personas en sillas de ruedas o con movilidad reducida.<br>Tambi\u00e9n incorpora tecnolog\u00edas de aprovechamiento h\u00eddrico con captaci\u00f3n de<br>aguas lluvias y una red de riego por goteo, optimizando el uso del recurso; y una<br>unidad de compostaje y lombricultura dise\u00f1ada para aprovechar los desechos<br>org\u00e1nicos del establecimiento convirti\u00e9ndolos en abono para los cultivos.<br>M\u00e1s all\u00e1 de la producci\u00f3n hort\u00edcola, el invernadero se configurar\u00e1 como un centro<br>educativo y terap\u00e9utico. Se desarrollar\u00e1 un programa anual de talleres sobre<br>cultivo sostenible, educaci\u00f3n ambiental, cocina saludable, expresi\u00f3n art\u00edstica con<br>residuos y jardiner\u00eda sensorial. Las actividades ser\u00e1n impartidas por un equipo<br>multidisciplinario compuesto por coordinadores, profesores de la instituci\u00f3n, un<br>ingeniero agropecuario y un terapeuta ocupacional.<br>El presidente del Centro de Padres del establecimiento, Bernardo Barr\u00eda, coment\u00f3<br>que \u00abeste proyecto va en directo beneficio de los alumnos y los docentes de la<br>Escuela Nicol\u00e1s Mladinic. Este invernadero acoger\u00e1 y adecuar\u00e1 sus espacios para<br>alumnos que presentan diversos tipos de discapacidad. Asimismo, esperamos que<br>esta iniciativa sirva de inspiraci\u00f3n a otras agrupaciones vinculadas a la<br>discapacidad en Puerto Natales para que vean que es posible levantar recursos y<br>generar un cambio significativo en nuestra comuna.\u00bb<br>Los recursos fueron entregados a los representantes del Centro de Padres por la<br>Delegada Regional Presidencial, Ericka Far\u00edas, y el Secretario Regional Ministerial<br>de Medio Ambiente, Gonzalo Rosenfeld.<\/p>\n","protected":false},"excerpt":{"rendered":"<p>El Centro de Padres, Madres y Apoderados de la Escuela Diferencial Nicol\u00e1sMladinic se adjudic\u00f3 la suma de seis millones de pesos aportados por el Fondo deProtecci\u00f3n Ambiental (FPA) 2026 para&#8230; <a class=\"read-more\" href=\"https:\/\/www.radiopresidenteibanez.cl\/web\/escuela-nicolas-mladinic-de-puerto-natales-se-adjudica-fondo-para-transformar-su-invernadero-en-un-modelo-de-inclusion\/\">Leer m\u00e1s<\/a><\/p>\n","protected":false},"author":2,"featured_media":68565,"comment_status":"closed","ping_status":"closed","sticky":false,"template":"","format":"standard","meta":{"footnotes":""},"categories":[1],"tags":[],"class_list":["post-68564","post","type-post","status-publish","format-standard","has-post-thumbnail","hentry","category-cronica"],"_links":{"self":[{"href":"https:\/\/www.radiopresidenteibanez.cl\/web\/wp-json\/wp\/v2\/posts\/68564","targetHints":{"allow":["GET"]}}],"collection":[{"href":"https:\/\/www.radiopresidenteibanez.cl\/web\/wp-json\/wp\/v2\/posts"}],"about":[{"href":"https:\/\/www.radiopresidenteibanez.cl\/web\/wp-json\/wp\/v2\/types\/post"}],"author":[{"embeddable":true,"href":"https:\/\/www.radiopresidenteibanez.cl\/web\/wp-json\/wp\/v2\/users\/2"}],"replies":[{"embeddable":true,"href":"https:\/\/www.radiopresidenteibanez.cl\/web\/wp-json\/wp\/v2\/comments?post=68564"}],"version-history":[{"count":1,"href":"https:\/\/www.radiopresidenteibanez.cl\/web\/wp-json\/wp\/v2\/posts\/68564\/revisions"}],"predecessor-version":[{"id":68566,"href":"https:\/\/www.radiopresidenteibanez.cl\/web\/wp-json\/wp\/v2\/posts\/68564\/revisions\/68566"}],"wp:featuredmedia":[{"embeddable":true,"href":"https:\/\/www.radiopresidenteibanez.cl\/web\/wp-json\/wp\/v2\/media\/68565"}],"wp:attachment":[{"href":"https:\/\/www.radiopresidenteibanez.cl\/web\/wp-json\/wp\/v2\/media?parent=68564"}],"wp:term":[{"taxonomy":"category","embeddable":true,"href":"https:\/\/www.radiopresidenteibanez.cl\/web\/wp-json\/wp\/v2\/categories?post=68564"},{"taxonomy":"post_tag","embeddable":true,"href":"https:\/\/www.radiopresidenteibanez.cl\/web\/wp-json\/wp\/v2\/tags?post=68564"}],"curies":[{"name":"wp","href":"https:\/\/api.w.org\/{rel}","templated":true}]}}