{"id":68540,"date":"2026-09-04T16:59:00","date_gmt":"2026-09-04T19:59:00","guid":{"rendered":"https:\/\/www.radiopresidenteibanez.cl\/web\/?p=68540"},"modified":"2026-09-04T11:05:30","modified_gmt":"2026-09-04T14:05:30","slug":"salud-impulsa-en-puerto-natales-jornadas-de-capacitacion-para-fortalecer-herramientas-de-atencion-en-autismo","status":"publish","type":"post","link":"https:\/\/www.radiopresidenteibanez.cl\/web\/salud-impulsa-en-puerto-natales-jornadas-de-capacitacion-para-fortalecer-herramientas-de-atencion-en-autismo\/","title":{"rendered":"SALUD IMPULSA EN PUERTO NATALES JORNADAS DE CAPACITACI\u00d3N PARA FORTALECER HERRAMIENTAS DE ATENCI\u00d3N EN AUTISMO"},"content":{"rendered":"\n<p class=\"wp-block-paragraph\">Como parte de las acciones de difusi\u00f3n y capacitaci\u00f3n coordinadas por el sector salud en<br>materia de autismo, y con el prop\u00f3sito de extender estas instancias a distintas comunas de la<br>regi\u00f3n, se realizaron en Puerto Natales dos actividades dirigidas a profesionales de los<br>sectores salud y educaci\u00f3n.<br>Durante la ma\u00f1ana se llev\u00f3 a cabo la jornada \u201cAutismo: actualizaci\u00f3n y herramientas para la<br>atenci\u00f3n\u201d, dirigida a profesionales del sector salud. Posteriormente, durante la tarde, en el<br>Liceo Polit\u00e9cnico Bicentenario Luis Cruz Mart\u00ednez, se desarroll\u00f3 la jornada \u201cComprender,<br>acompa\u00f1ar y valorar el autismo\u201d, orientada a profesionales del sector educaci\u00f3n de la<br>provincia de \u00daltima Esperanza.<br>Las actividades dan respuesta a la solicitud planteada desde el territorio para que, junto con<br>las acciones desarrolladas en Punta Arenas, este tipo de capacitaciones tambi\u00e9n pudiera llegar<br>a otras comunas. De esta manera, se aprovech\u00f3 la visita a Magallanes de especialistas<br>provenientes de Santiago para generar una instancia de actualizaci\u00f3n en Puerto Natales,<br>acercando conocimientos y herramientas especializadas a los equipos locales.<br>La jornada cont\u00f3 con la participaci\u00f3n de la Dra. Paola Le\u00f3n, jefa de Neurolog\u00eda Infantil del<br>Hospital Elo\u00edsa D\u00edaz y coordinadora m\u00e9dica de la Sala de Autismo Comunal de La Florida, quien<br>abord\u00f3 generalidades y se\u00f1ales en el autismo, importancia de la detecci\u00f3n temprana.<br>Tambi\u00e9n expuso la psic\u00f3loga y educadora Katherine Hern\u00e1ndez, referente t\u00e9cnico de salud<br>infantil de la Corporaci\u00f3n Municipal de La Florida, quien entreg\u00f3 conocimientos y<br>herramientas sobre desregulaciones en autismo.<br>A ellas se sumaron la Dra. Loreto Llanos, jefa de Neurolog\u00eda Infantil del Hospital Cl\u00ednico de<br>Magallanes, quien expuso sobre las similitudes y experiencias en torno al TDAH y el autismo;<br>la Dra. Gabriela Legaza, jefa del CAE Infantil del mismo establecimiento, quien abord\u00f3 el uso<br>de pantallas y su relaci\u00f3n con el neurodesarrollo; y la Dra. Priscila Torres, psiquiatra infanto-<br>adolescente del COSAM Miraflores, quien se refiri\u00f3 a la suicidalidad en ni\u00f1os, ni\u00f1as,<br>adolescentes y j\u00f3venes (NNAJ) autistas. Las profesionales aportaron sus conocimientos y<br>experiencias a partir del trabajo desarrollado en la red regional.<\/p>\n\n\n\n<p class=\"wp-block-paragraph\">La jefa de Neurolog\u00eda Infantil del Hospital Cl\u00ednico de Magallanes, Dra. Loreto Llanos, explic\u00f3<br>que \u201cpara nosotros esta instancia es sumamente importante y de gran relevancia. Permite<br>acercar el conocimiento a toda la gente del hospital, pero no solo del hospital, porque en la<br>tarde tenemos una jornada con educaci\u00f3n para mostrar cu\u00e1les son las caracter\u00edsticas de estos<br>pacientes que tienen condici\u00f3n del espectro autista y con eso tambi\u00e9n hacer un diagn\u00f3stico,<br>una detecci\u00f3n y una intervenci\u00f3n m\u00e1s precoz, y tambi\u00e9n un acompa\u00f1amiento a todo lo que<br>tiene que ver con la familia y su entorno\u201d.<br>El subdirector m\u00e9dico del Hospital Dr. Augusto Essmann de Puerto Natales, el Dr. Sim\u00f3n R\u00edos,<br>indic\u00f3 que \u201cesta instancia de capacitaci\u00f3n en el marco de la implementaci\u00f3n de la Ley 21.545<br>fue realizada en nuestro hospital y estamos muy agradecidos de que haya sido en esta<br>localidad, en Puerto Natales, y que vengan los profesionales hasta nuestra localidad a<br>capacitarnos y, no solo al personal de nuestro hospital sino tambi\u00e9n a los equipos del Cesfam.<br>Y no solo al personal m\u00e9dico sino a todos los profesionales y a todos los estamentos, porque<br>esta ley es transversal. Su implementaci\u00f3n tiene que ver con todas las personas que trabajan<br>en salud, as\u00ed que estamos muy contentos que se den a estas instancias y muy agradecidos de<br>que hayan considerado nuestro hospital para realizar esta capacitaci\u00f3n\u201d.<br>Las jornadas estuvieron orientadas a actualizar conocimientos, intercambiar experiencias y<br>entregar herramientas pr\u00e1cticas para fortalecer la detecci\u00f3n, el diagn\u00f3stico, la atenci\u00f3n y el<br>acompa\u00f1amiento de ni\u00f1os, ni\u00f1as, adolescentes y personas adultas autistas, en concordancia<br>con la Ley N\u00b021.545 y las orientaciones vigentes en esta materia.<br>Asimismo, las actividades propiciaron espacios de di\u00e1logo e intercambio entre profesionales<br>de distintas \u00e1reas, favoreciendo una mirada integral e interdisciplinaria y reforzando la<br>importancia del trabajo coordinado para responder a las necesidades de las personas autistas<br>a lo largo de las distintas etapas de la vida.<br>Desde el sector salud se destac\u00f3 la importancia de mantener instancias de capacitaci\u00f3n<br>continua que permitan fortalecer las competencias de los equipos y avanzar hacia una<br>atenci\u00f3n que considere las caracter\u00edsticas y necesidades de cada persona, promueva la<br>inclusi\u00f3n y contribuya a brindar un acompa\u00f1amiento oportuno y respetuoso de sus derechos.<\/p>\n","protected":false},"excerpt":{"rendered":"<p>Como parte de las acciones de difusi\u00f3n y capacitaci\u00f3n coordinadas por el sector salud enmateria de autismo, y con el prop\u00f3sito de extender estas instancias a distintas comunas de laregi\u00f3n,&#8230; <a class=\"read-more\" href=\"https:\/\/www.radiopresidenteibanez.cl\/web\/salud-impulsa-en-puerto-natales-jornadas-de-capacitacion-para-fortalecer-herramientas-de-atencion-en-autismo\/\">Leer m\u00e1s<\/a><\/p>\n","protected":false},"author":2,"featured_media":68541,"comment_status":"closed","ping_status":"closed","sticky":false,"template":"","format":"standard","meta":{"footnotes":""},"categories":[1],"tags":[],"class_list":["post-68540","post","type-post","status-publish","format-standard","has-post-thumbnail","hentry","category-cronica"],"_links":{"self":[{"href":"https:\/\/www.radiopresidenteibanez.cl\/web\/wp-json\/wp\/v2\/posts\/68540","targetHints":{"allow":["GET"]}}],"collection":[{"href":"https:\/\/www.radiopresidenteibanez.cl\/web\/wp-json\/wp\/v2\/posts"}],"about":[{"href":"https:\/\/www.radiopresidenteibanez.cl\/web\/wp-json\/wp\/v2\/types\/post"}],"author":[{"embeddable":true,"href":"https:\/\/www.radiopresidenteibanez.cl\/web\/wp-json\/wp\/v2\/users\/2"}],"replies":[{"embeddable":true,"href":"https:\/\/www.radiopresidenteibanez.cl\/web\/wp-json\/wp\/v2\/comments?post=68540"}],"version-history":[{"count":1,"href":"https:\/\/www.radiopresidenteibanez.cl\/web\/wp-json\/wp\/v2\/posts\/68540\/revisions"}],"predecessor-version":[{"id":68542,"href":"https:\/\/www.radiopresidenteibanez.cl\/web\/wp-json\/wp\/v2\/posts\/68540\/revisions\/68542"}],"wp:featuredmedia":[{"embeddable":true,"href":"https:\/\/www.radiopresidenteibanez.cl\/web\/wp-json\/wp\/v2\/media\/68541"}],"wp:attachment":[{"href":"https:\/\/www.radiopresidenteibanez.cl\/web\/wp-json\/wp\/v2\/media?parent=68540"}],"wp:term":[{"taxonomy":"category","embeddable":true,"href":"https:\/\/www.radiopresidenteibanez.cl\/web\/wp-json\/wp\/v2\/categories?post=68540"},{"taxonomy":"post_tag","embeddable":true,"href":"https:\/\/www.radiopresidenteibanez.cl\/web\/wp-json\/wp\/v2\/tags?post=68540"}],"curies":[{"name":"wp","href":"https:\/\/api.w.org\/{rel}","templated":true}]}}