{"id":6854,"date":"2019-09-06T16:17:25","date_gmt":"2019-09-06T16:17:25","guid":{"rendered":"http:\/\/www.radiopresidenteibanez.cl\/web\/?p=6854"},"modified":"2019-09-06T16:17:31","modified_gmt":"2019-09-06T16:17:31","slug":"cchc-punta-arenas-inicio-curso-sobre-electricidad-domiciliaria","status":"publish","type":"post","link":"https:\/\/www.radiopresidenteibanez.cl\/web\/cchc-punta-arenas-inicio-curso-sobre-electricidad-domiciliaria\/","title":{"rendered":"CCHC PUNTA ARENAS INICI\u00d3 CURSO SOBRE ELECTRICIDAD DOMICILIARIA"},"content":{"rendered":"\n<p>Esta semana la C\u00e1mara Chilena de la Construcci\u00f3n Punta Arenas, a trav\u00e9s de su Fundaci\u00f3n Social, dio inicio al curso \u201cElectricidad B\u00e1sica Domiciliaria\u201d dirigido a trabajadores de empresas socias.<\/p>\n\n\n\n<p>El curso, ejecutado por V&amp;G Capacitaciones, se desarrollar\u00e1 tres veces a la semana en horario vespertino durante los meses de&nbsp;septiembre y octubre en el auditorio de CChC Punta Arenas. El curso contempla un plan te\u00f3rico, horas de pr\u00e1ctica&nbsp;y tres charlas correspondientes a prevenci\u00f3n de riesgos, empleabilidad y motivacional.<\/p>\n\n\n\n<p>\u201cEn el rubro de la construcci\u00f3n es necesario contar con personal calificado para calcular e instalar componentes el\u00e9ctricos en edificaciones nuevas y tambi\u00e9n para modificar las instalaciones ya existentes. Como C\u00e1mara, una de nuestras misiones es capacitar a nuestros trabajadores y por eso esperamos una alta convocatoria para este curso\u201d, explic\u00f3 Crist\u00f3bal Bascu\u00f1\u00e1n, presidente del Consejo Social de la CChC Punta Arenas.<\/p>\n\n\n\n<p>Al finalizar las 48 horas de estudio, los alumnos estar\u00e1n en condiciones de intervenir, detectar y solucionar problemas el\u00e9ctricos. Adem\u00e1s, podr\u00e1n alcanzar las capacidades de interpretaci\u00f3n gr\u00e1fica, normas de representaci\u00f3n y simbolog\u00eda de las instalaciones el\u00e9ctricas de interior, as\u00ed como tambi\u00e9n lograr aprendizajes en los temas de la seguridad en las instalaciones.<\/p>\n\n\n\n<p>\u201cMe inscrib\u00ed en este curso porque poseo poco conocimiento en el \u00e1rea de electricidad y me gustar\u00eda aprender para realizar mejor mi trabajo, analizar m\u00e1s a fin de evitar errores. Esta es una excelente oportunidad de capacitaci\u00f3n, ya que los conocimientos adquiridos ser\u00e1n utilizados directamente en lo que hago d\u00eda a d\u00eda\u201d, indic\u00f3 Jos\u00e9 P\u00e9rez, trabajador de la Constructora Bravo e Izquierdo y alumno del curso.<\/p>\n","protected":false},"excerpt":{"rendered":"<p>Esta semana la C\u00e1mara Chilena de la Construcci\u00f3n Punta Arenas, a trav\u00e9s de su Fundaci\u00f3n Social, dio inicio al curso \u201cElectricidad B\u00e1sica Domiciliaria\u201d dirigido a trabajadores de empresas socias. El&#8230; <a class=\"read-more\" href=\"https:\/\/www.radiopresidenteibanez.cl\/web\/cchc-punta-arenas-inicio-curso-sobre-electricidad-domiciliaria\/\">Leer m\u00e1s<\/a><\/p>\n","protected":false},"author":2,"featured_media":6855,"comment_status":"closed","ping_status":"closed","sticky":false,"template":"","format":"standard","meta":{"footnotes":""},"categories":[1],"tags":[],"class_list":["post-6854","post","type-post","status-publish","format-standard","has-post-thumbnail","hentry","category-cronica"],"_links":{"self":[{"href":"https:\/\/www.radiopresidenteibanez.cl\/web\/wp-json\/wp\/v2\/posts\/6854","targetHints":{"allow":["GET"]}}],"collection":[{"href":"https:\/\/www.radiopresidenteibanez.cl\/web\/wp-json\/wp\/v2\/posts"}],"about":[{"href":"https:\/\/www.radiopresidenteibanez.cl\/web\/wp-json\/wp\/v2\/types\/post"}],"author":[{"embeddable":true,"href":"https:\/\/www.radiopresidenteibanez.cl\/web\/wp-json\/wp\/v2\/users\/2"}],"replies":[{"embeddable":true,"href":"https:\/\/www.radiopresidenteibanez.cl\/web\/wp-json\/wp\/v2\/comments?post=6854"}],"version-history":[{"count":0,"href":"https:\/\/www.radiopresidenteibanez.cl\/web\/wp-json\/wp\/v2\/posts\/6854\/revisions"}],"wp:featuredmedia":[{"embeddable":true,"href":"https:\/\/www.radiopresidenteibanez.cl\/web\/wp-json\/wp\/v2\/media\/6855"}],"wp:attachment":[{"href":"https:\/\/www.radiopresidenteibanez.cl\/web\/wp-json\/wp\/v2\/media?parent=6854"}],"wp:term":[{"taxonomy":"category","embeddable":true,"href":"https:\/\/www.radiopresidenteibanez.cl\/web\/wp-json\/wp\/v2\/categories?post=6854"},{"taxonomy":"post_tag","embeddable":true,"href":"https:\/\/www.radiopresidenteibanez.cl\/web\/wp-json\/wp\/v2\/tags?post=6854"}],"curies":[{"name":"wp","href":"https:\/\/api.w.org\/{rel}","templated":true}]}}