{"id":68537,"date":"2026-09-04T14:19:00","date_gmt":"2026-09-04T17:19:00","guid":{"rendered":"https:\/\/www.radiopresidenteibanez.cl\/web\/?p=68537"},"modified":"2026-09-04T10:58:49","modified_gmt":"2026-09-04T13:58:49","slug":"orfebre-magallanica-recibe-reconocimiento-nacional-en-los-premios-maestro-artesano","status":"publish","type":"post","link":"https:\/\/www.radiopresidenteibanez.cl\/web\/orfebre-magallanica-recibe-reconocimiento-nacional-en-los-premios-maestro-artesano\/","title":{"rendered":"Orfebre magall\u00e1nica recibe reconocimiento nacional en los Premios Maestro Artesano"},"content":{"rendered":"\n<p class=\"wp-block-paragraph\">La artesana orfebre de la Regi\u00f3n de Magallanes, Dana Canales Canales, fue reconocida con<br>la distinci\u00f3n \u00abArtesana Aprendiz\u00bb durante la ceremonia de entrega del Premio Maestro<br>Artesano 2025, efectuada el reciente martes en el Palacio Pereira de Santiago.<br>Durante la actividad, que fue encabezada por el ministro de las Culturas, las Artes y el<br>Patrimonio, Francisco Undurraga, se destac\u00f3 adem\u00e1s a Tom\u00e1s Tuki Tepano, de Rapa Nui<br>(Regi\u00f3n de Valpara\u00edso), en la categor\u00eda Tradicional, y a Ernesto Dur\u00e1n Castro, de Pe\u00f1alol\u00e9n<br>(Regi\u00f3n Metropolitana), como Maestro Artesano Contempor\u00e1neo.<br>Con nueve a\u00f1os de trayectoria, Dana Canales Canales se ha dedicado a la creaci\u00f3n de<br>joyas con una marcada identidad regional, inspiradas en el paisaje, la biodiversidad y la<br>cultura del extremo sur de Chile. Su trabajo destaca por combinar t\u00e9cnicas tradicionales<br>con propuestas contempor\u00e1neas, posicion\u00e1ndose como una representante clave de la<br>nueva generaci\u00f3n de la orfebrer\u00eda local.<br>Respecto a este importante galard\u00f3n, la creadora expres\u00f3: \u201cEstoy realmente muy<br>contenta. Para m\u00ed es un gran salto para mi carrera, para mi oficio, para mi d\u00eda a d\u00eda en la<br>orfebrer\u00eda. Para m\u00ed esto no es solo un trabajo, es como una vocaci\u00f3n, entonces realmente<br>estoy muy contenta\u201d.<br>Por su parte, el seremi de las Culturas, las Artes y el Patrimonio, Rodrigo Bravo Garrido,<br>valor\u00f3 el impacto de este reconocimiento. \u201cEste premio refleja la importancia de nuestras<\/p>\n\n\n\n<p class=\"wp-block-paragraph\">artesanas y cultoras que ponen en valor sus obras mirando directamente su entorno y su<br>regi\u00f3n. El trabajo de Dana, inspirado en el paisaje, la biodiversidad y la cultura local, es un<br>ejemplo de lo que significa crear obras con sentido de pertenencia. Demuestra que desde<br>la regi\u00f3n y a trav\u00e9s de nuestra propia identidad, se alcanza la excelencia y proyecci\u00f3n de<br>obras\u00bb.<br>El Premio Artesano Aprendiz se otorga a quienes se encuentran a\u00fan en proceso de<br>formaci\u00f3n disciplinaria y destacan principalmente por la excelencia de su trabajo, ya sea<br>en relaci\u00f3n con la autenticidad o la innovaci\u00f3n. La distinci\u00f3n incluye un diploma, una gira<br>t\u00e9cnica y el ingreso al Registro Nacional Chile Artesan\u00eda.<br>El Premio Maestro Artesano se entrega desde el a\u00f1o 2012 y busca destacar a artesanos de<br>excelencia, cuya trayectoria, conocimientos y creaciones contribuyen a preservar y<br>renovar la identidad y el patrimonio cultural del pa\u00eds.<\/p>\n","protected":false},"excerpt":{"rendered":"<p>La artesana orfebre de la Regi\u00f3n de Magallanes, Dana Canales Canales, fue reconocida conla distinci\u00f3n \u00abArtesana Aprendiz\u00bb durante la ceremonia de entrega del Premio MaestroArtesano 2025, efectuada el reciente martes&#8230; <a class=\"read-more\" href=\"https:\/\/www.radiopresidenteibanez.cl\/web\/orfebre-magallanica-recibe-reconocimiento-nacional-en-los-premios-maestro-artesano\/\">Leer m\u00e1s<\/a><\/p>\n","protected":false},"author":2,"featured_media":68538,"comment_status":"closed","ping_status":"closed","sticky":false,"template":"","format":"standard","meta":{"footnotes":""},"categories":[1],"tags":[],"class_list":["post-68537","post","type-post","status-publish","format-standard","has-post-thumbnail","hentry","category-cronica"],"_links":{"self":[{"href":"https:\/\/www.radiopresidenteibanez.cl\/web\/wp-json\/wp\/v2\/posts\/68537","targetHints":{"allow":["GET"]}}],"collection":[{"href":"https:\/\/www.radiopresidenteibanez.cl\/web\/wp-json\/wp\/v2\/posts"}],"about":[{"href":"https:\/\/www.radiopresidenteibanez.cl\/web\/wp-json\/wp\/v2\/types\/post"}],"author":[{"embeddable":true,"href":"https:\/\/www.radiopresidenteibanez.cl\/web\/wp-json\/wp\/v2\/users\/2"}],"replies":[{"embeddable":true,"href":"https:\/\/www.radiopresidenteibanez.cl\/web\/wp-json\/wp\/v2\/comments?post=68537"}],"version-history":[{"count":1,"href":"https:\/\/www.radiopresidenteibanez.cl\/web\/wp-json\/wp\/v2\/posts\/68537\/revisions"}],"predecessor-version":[{"id":68539,"href":"https:\/\/www.radiopresidenteibanez.cl\/web\/wp-json\/wp\/v2\/posts\/68537\/revisions\/68539"}],"wp:featuredmedia":[{"embeddable":true,"href":"https:\/\/www.radiopresidenteibanez.cl\/web\/wp-json\/wp\/v2\/media\/68538"}],"wp:attachment":[{"href":"https:\/\/www.radiopresidenteibanez.cl\/web\/wp-json\/wp\/v2\/media?parent=68537"}],"wp:term":[{"taxonomy":"category","embeddable":true,"href":"https:\/\/www.radiopresidenteibanez.cl\/web\/wp-json\/wp\/v2\/categories?post=68537"},{"taxonomy":"post_tag","embeddable":true,"href":"https:\/\/www.radiopresidenteibanez.cl\/web\/wp-json\/wp\/v2\/tags?post=68537"}],"curies":[{"name":"wp","href":"https:\/\/api.w.org\/{rel}","templated":true}]}}