{"id":68531,"date":"2026-09-04T10:57:00","date_gmt":"2026-09-04T13:57:00","guid":{"rendered":"https:\/\/www.radiopresidenteibanez.cl\/web\/?p=68531"},"modified":"2026-09-04T10:44:25","modified_gmt":"2026-09-04T13:44:25","slug":"inia-kampenaike-impulsa-cooperacion-cientifica-binacional-para-enfrentar-la-expansion-de-hieracium-pilosella-en-la-patagonia-austral","status":"publish","type":"post","link":"https:\/\/www.radiopresidenteibanez.cl\/web\/inia-kampenaike-impulsa-cooperacion-cientifica-binacional-para-enfrentar-la-expansion-de-hieracium-pilosella-en-la-patagonia-austral\/","title":{"rendered":"INIA Kampenaike impulsa cooperaci\u00f3n cient\u00edfica binacional para enfrentar la expansi\u00f3n de Hieracium pilosella en la Patagonia Austral"},"content":{"rendered":"\n<p class=\"wp-block-paragraph\"><em>Un importante avance para la investigaci\u00f3n y la cooperaci\u00f3n cient\u00edfica de la Regi\u00f3n de Magallanes representa la aprobaci\u00f3n del proyecto \u201cRed Binacional Argentina\u2013Chile para el Monitoreo, la Investigaci\u00f3n Aplicada y el Fortalecimiento de Capacidades para el Manejo Adaptativo de Hieracium spp. en la Patagonia Austral\u201d, iniciativa liderada en Chile por el Instituto de Investigaciones Agropecuarias (INIA), a trav\u00e9s de su Centro Regional INIA Kampenaike, y que ser\u00e1 ejecutada junto al Instituto Nacional de Tecnolog\u00eda Agropecuaria (INTA) de Argentina.<\/em><\/p>\n\n\n\n<p class=\"wp-block-paragraph\"><em>La iniciativa fue presentada en el marco de la VIII Comisi\u00f3n Mixta de Cooperaci\u00f3n T\u00e9cnica y Cient\u00edfica entre la Rep\u00fablica Argentina y la Rep\u00fablica de Chile, realizada este pasado 28 de agosto en Buenos Aires, instancia en la que se present\u00f3 y aprob\u00f3 el VIII Programa Bilateral de Cooperaci\u00f3n 2026\u20132028. El proyecto de Hieracium forma parte de las iniciativas que integran este nuevo programa de cooperaci\u00f3n entre ambos pa\u00edses.<\/em><\/p>\n\n\n\n<p class=\"wp-block-paragraph\"><em>El proyecto tendr\u00e1 una duraci\u00f3n de 24 meses y contempla la realizaci\u00f3n de seis misiones t\u00e9cnicas binacionales \u2014tres en Argentina y tres en Chile\u2014, adem\u00e1s de talleres, intercambio de informaci\u00f3n, elaboraci\u00f3n de un diagn\u00f3stico com\u00fan y definici\u00f3n de lineamientos estrat\u00e9gicos para abordar la problem\u00e1tica de Hieracium en la Patagonia Austral.<\/em><\/p>\n\n\n\n<p class=\"wp-block-paragraph\"><em>La expansi\u00f3n de especies de Hieracium, particularmente H. pilosella, constituye una preocupaci\u00f3n tanto desde el punto de vista productivo como ambiental, debido a sus efectos sobre la composici\u00f3n flor\u00edstica, la productividad de los pastizales y y la estabilidad de los ecosistemas debido a la p\u00e9rdida de biodiversidad y productividad. El car\u00e1cter transfronterizo de esta problem\u00e1tica hace necesario fortalecer la coordinaci\u00f3n entre las instituciones de ambos pa\u00edses.<\/em><\/p>\n\n\n\n<p class=\"wp-block-paragraph\"><em>Para la directora de INIA Kampenaike, Claudia Mc Leod, la aprobaci\u00f3n de esta iniciativa representa un reconocimiento al trabajo cient\u00edfico que durante a\u00f1os se ha desarrollado en la regi\u00f3n y, al mismo tiempo, una oportunidad para proyectar ese conocimiento m\u00e1s all\u00e1 de las fronteras.<\/em><\/p>\n\n\n\n<p class=\"wp-block-paragraph\"><em>\u201cPara INIA Kampenaike es muy significativo que un problema que conocemos desde nuestra realidad regional pueda transformarse en una oportunidad de cooperaci\u00f3n cient\u00edfica con Argentina. Hieracium no reconoce fronteras y su manejo requiere precisamente de una mirada territorial y colaborativa. Esta aprobaci\u00f3n nos permite poner las capacidades de nuestros investigadores al servicio de un desaf\u00edo que compartimos con la Patagonia argentina y avanzar desde el conocimiento existente hacia estrategias de manejo m\u00e1s coordinadas\u201d.<\/em><\/p>\n\n\n\n<p class=\"wp-block-paragraph\"><em>Desde el equipo t\u00e9cnico de INIA Kampenaike, el investigador Erwin Dom\u00ednguez, responsable de la ejecuci\u00f3n nacional del proyecto, destac\u00f3 que la iniciativa permitir\u00e1 avanzar desde los antecedentes existentes hacia una plataforma permanente de colaboraci\u00f3n cient\u00edfica.<\/em><\/p>\n\n\n\n<p class=\"wp-block-paragraph\"><em>\u201cTenemos una trayectoria de investigaci\u00f3n y generaci\u00f3n de antecedentes sobre Hieracium en Magallanes. Lo que buscamos ahora es integrar ese conocimiento con la experiencia que existe en Argentina, generar un diagn\u00f3stico binacional y establecer una red que permita compartir informaci\u00f3n, metodolog\u00edas y capacidades en forma permanente. El objetivo no es solamente realizar actividades durante los dos a\u00f1os del proyecto, sino generar las condiciones para continuar trabajando en conjunto\u201d.<\/em><\/p>\n\n\n\n<p class=\"wp-block-paragraph\"><em>Un hito para la cooperaci\u00f3n cient\u00edfica desde Magallanes<\/em><\/p>\n\n\n\n<p class=\"wp-block-paragraph\"><em>La aprobaci\u00f3n de esta iniciativa constituye un hito para INIA Kampenaike y para la vinculaci\u00f3n cient\u00edfica de Magallanes con Argentina.<\/em><\/p>\n\n\n\n<p class=\"wp-block-paragraph\"><em>En este contexto, la iniciativa representa una oportunidad para fortalecer la presencia de Magallanes en los espacios de cooperaci\u00f3n internacional y avanzar hacia soluciones construidas desde la propia realidad de la Patagonia Austral.<\/em><\/p>\n\n\n\n<p class=\"wp-block-paragraph\"><em>Para el equipo t\u00e9cnico de INIA Kampenaike, uno de los principales valores del proyecto ser\u00e1 precisamente transformar a\u00f1os de investigaci\u00f3n y experiencia local en una agenda de cooperaci\u00f3n binacional, generando informaci\u00f3n com\u00fan y capacidades que puedan posteriormente escalar hacia proyectos de mayor alcance.<\/em><\/p>\n\n\n\n<p class=\"wp-block-paragraph\"><em>La propuesta fue presentada oficialmente en la VIII Comisi\u00f3n Mixta como una iniciativa conjunta de INTA e INIA, instituciones responsables de su ejecuci\u00f3n en Argentina y Chile, respectivamente.<\/em><\/p>\n\n\n\n<p class=\"wp-block-paragraph\"><em>De esta manera, INIA Kampenaike contin\u00faa fortaleciendo su rol como referente regional en investigaci\u00f3n agropecuaria y ambiental, incorporando la cooperaci\u00f3n internacional como una herramienta para abordar desaf\u00edos que, por su naturaleza territorial, requieren respuestas coordinadas entre los pa\u00edses que comparten la Patagonia.<\/em><\/p>\n","protected":false},"excerpt":{"rendered":"<p>Un importante avance para la investigaci\u00f3n y la cooperaci\u00f3n cient\u00edfica de la Regi\u00f3n de Magallanes representa la aprobaci\u00f3n del proyecto \u201cRed Binacional Argentina\u2013Chile para el Monitoreo, la Investigaci\u00f3n Aplicada y&#8230; <a class=\"read-more\" href=\"https:\/\/www.radiopresidenteibanez.cl\/web\/inia-kampenaike-impulsa-cooperacion-cientifica-binacional-para-enfrentar-la-expansion-de-hieracium-pilosella-en-la-patagonia-austral\/\">Leer m\u00e1s<\/a><\/p>\n","protected":false},"author":2,"featured_media":68532,"comment_status":"closed","ping_status":"closed","sticky":false,"template":"","format":"standard","meta":{"footnotes":""},"categories":[1],"tags":[],"class_list":["post-68531","post","type-post","status-publish","format-standard","has-post-thumbnail","hentry","category-cronica"],"_links":{"self":[{"href":"https:\/\/www.radiopresidenteibanez.cl\/web\/wp-json\/wp\/v2\/posts\/68531","targetHints":{"allow":["GET"]}}],"collection":[{"href":"https:\/\/www.radiopresidenteibanez.cl\/web\/wp-json\/wp\/v2\/posts"}],"about":[{"href":"https:\/\/www.radiopresidenteibanez.cl\/web\/wp-json\/wp\/v2\/types\/post"}],"author":[{"embeddable":true,"href":"https:\/\/www.radiopresidenteibanez.cl\/web\/wp-json\/wp\/v2\/users\/2"}],"replies":[{"embeddable":true,"href":"https:\/\/www.radiopresidenteibanez.cl\/web\/wp-json\/wp\/v2\/comments?post=68531"}],"version-history":[{"count":1,"href":"https:\/\/www.radiopresidenteibanez.cl\/web\/wp-json\/wp\/v2\/posts\/68531\/revisions"}],"predecessor-version":[{"id":68533,"href":"https:\/\/www.radiopresidenteibanez.cl\/web\/wp-json\/wp\/v2\/posts\/68531\/revisions\/68533"}],"wp:featuredmedia":[{"embeddable":true,"href":"https:\/\/www.radiopresidenteibanez.cl\/web\/wp-json\/wp\/v2\/media\/68532"}],"wp:attachment":[{"href":"https:\/\/www.radiopresidenteibanez.cl\/web\/wp-json\/wp\/v2\/media?parent=68531"}],"wp:term":[{"taxonomy":"category","embeddable":true,"href":"https:\/\/www.radiopresidenteibanez.cl\/web\/wp-json\/wp\/v2\/categories?post=68531"},{"taxonomy":"post_tag","embeddable":true,"href":"https:\/\/www.radiopresidenteibanez.cl\/web\/wp-json\/wp\/v2\/tags?post=68531"}],"curies":[{"name":"wp","href":"https:\/\/api.w.org\/{rel}","templated":true}]}}